{"id":981,"date":"2023-12-20T14:37:24","date_gmt":"2023-12-20T14:37:24","guid":{"rendered":"https:\/\/archivesjesuites.ca\/en\/?p=981"},"modified":"2026-04-15T16:36:25","modified_gmt":"2026-04-15T16:36:25","slug":"book-of-hours","status":"publish","type":"post","link":"https:\/\/archivesjesuites.ca\/en\/book-of-hours\/","title":{"rendered":"For the holidays, a remarkable item from the AJC collection"},"content":{"rendered":"\n<p>This year, we drew from a remarkable item in our collection to illustrate The Archives of the Jesuits of Canada (AJC)\u2019s Christmas card: a scene of the Adoration of the Magi, taken from Philippe de Montholon\u2019s Book of Hours, which dates from the late fifteenth century.<\/p>\n\n\n\n<div class=\"wp-block-media-text alignwide is-stacked-on-mobile is-vertically-aligned-top\" style=\"grid-template-columns:54% auto\"><figure class=\"wp-block-media-text__media\"><img decoding=\"async\" loading=\"lazy\" width=\"671\" height=\"1024\" src=\"https:\/\/archivesjesuites.ca\/en\/wp-content\/uploads\/2023\/12\/MS_In-8_Ms_009_70-671x1024.jpg\" alt=\"\" class=\"wp-image-986 size-full\" srcset=\"https:\/\/archivesjesuites.ca\/en\/wp-content\/uploads\/2023\/12\/MS_In-8_Ms_009_70-671x1024.jpg 671w, https:\/\/archivesjesuites.ca\/en\/wp-content\/uploads\/2023\/12\/MS_In-8_Ms_009_70-197x300.jpg 197w, https:\/\/archivesjesuites.ca\/en\/wp-content\/uploads\/2023\/12\/MS_In-8_Ms_009_70-98x150.jpg 98w, https:\/\/archivesjesuites.ca\/en\/wp-content\/uploads\/2023\/12\/MS_In-8_Ms_009_70.jpg 737w\" sizes=\"(max-width: 671px) 100vw, 671px\" \/><\/figure><div class=\"wp-block-media-text__content\">\n<p>Book of hours are collections of daily prayers created for the laity. They are counterparts to the breviaries used by clerics, which collect the prayers recited for the eight offices of the day. The first books of hours appeared in the thirteenth century and were widely distributed over the next centuries. Often beautifully illuminated, they were primarily designed for the aristocracy but gradually expanded to other layers of society. The books were generally small, in order to be easily transported.<\/p>\n<\/div><\/div>\n\n\n\n<p><\/p>\n\n\n\n<p>The launch in 2018 of the exhibition <em>Resplendent Illuminations: Book of Hours from the 13th to the 16th Century in Quebec Collections <\/em>at the Montreal Museum of Fine Arts (MMFA) gave a team of researchers, directed by Brenda Dunn-Lardeau, a professor in the Department of Literary Studies at UQAM, a chance to deepen our knowledge of this precious manuscript. We do not know when and how it entered the AJC collection, but we know it has been with us since at least 1892, the date that Father Arthur E. Jones\u2014Father F\u00e9lix Martin\u2019s successor as head of the Archives of the Coll\u00e8ge Sainte-Marie\u2014lent out the manuscript for an exhibition at the Antiquarian and Numismatic Society of Montreal.<\/p>\n\n\n\n<p><\/p>\n\n\n\n<div class=\"wp-block-media-text alignwide is-stacked-on-mobile is-vertically-aligned-top\" style=\"grid-template-columns:54% auto\"><figure class=\"wp-block-media-text__media\"><img decoding=\"async\" loading=\"lazy\" width=\"677\" height=\"1024\" src=\"https:\/\/archivesjesuites.ca\/en\/wp-content\/uploads\/2023\/12\/MS_In-8_Ms_009_01-1-677x1024.jpg\" alt=\"\" class=\"wp-image-984 size-full\" srcset=\"https:\/\/archivesjesuites.ca\/en\/wp-content\/uploads\/2023\/12\/MS_In-8_Ms_009_01-1-677x1024.jpg 677w, https:\/\/archivesjesuites.ca\/en\/wp-content\/uploads\/2023\/12\/MS_In-8_Ms_009_01-1-198x300.jpg 198w, https:\/\/archivesjesuites.ca\/en\/wp-content\/uploads\/2023\/12\/MS_In-8_Ms_009_01-1-99x150.jpg 99w, https:\/\/archivesjesuites.ca\/en\/wp-content\/uploads\/2023\/12\/MS_In-8_Ms_009_01-1-768x1162.jpg 768w, https:\/\/archivesjesuites.ca\/en\/wp-content\/uploads\/2023\/12\/MS_In-8_Ms_009_01-1.jpg 892w\" sizes=\"(max-width: 677px) 100vw, 677px\" \/><\/figure><div class=\"wp-block-media-text__content\">\n<p>However, it is possible the manuscript arrived in Quebec much earlier. We know that such works were in circulation in New France. The Hospital Sisters of Quebec regularly asked their European benefactors for them for the benefit of the ill, and passages from the <em>Jesuit Relations<\/em> reveal that the Jesuits also used them in their missions. One hypothesis suggests that the manuscript reached the Ursulines in Quebec through Catherine de Montholon, a descendant of one of the book\u2019s first owners, Philippe de Montholon. After the death<\/p>\n<\/div><\/div>\n\n\n\n<p>of her husband, Catherine de Montholon retired to the Ursulines of Dijon, who were themselves benefactors of the Ursulines of Quebec. If the manuscript was indeed in Canada before the suppression of the Society of Jesus at the end of the eighteenth century, Father F\u00e9lix Martin could have recovered it when the Jesuits returned to Canada in 1842. Indeed, before his death in 1800, Father Jean-Joseph Casot, the last surviving pre-suppression Jesuit, entrusted part of the order\u2019s records to the Hospital Sisters of the H\u00f4tel-Dieu in Quebec City. The records that Father Martin retrieved in the nineteenth century became the core of the <a href=\"https:\/\/catalogue.archivesjesuites.ca\/collection-des-archives-du-college-sainte-marie\">Collection des Archives du Coll\u00e8ge Sainte-Marie<\/a>, one of the foundational collections of the AJC\u2019s current holdings.<\/p>\n\n\n\n<p><\/p>\n\n\n\n<p><\/p>\n\n\n\n<div class=\"wp-block-media-text alignwide is-stacked-on-mobile is-vertically-aligned-top\" style=\"grid-template-columns:58% auto\"><figure class=\"wp-block-media-text__media\"><img decoding=\"async\" loading=\"lazy\" width=\"670\" height=\"1024\" src=\"https:\/\/archivesjesuites.ca\/en\/wp-content\/uploads\/2023\/12\/MS_In-8_Ms_009_33-670x1024.jpg\" alt=\"\" class=\"wp-image-985 size-full\" srcset=\"https:\/\/archivesjesuites.ca\/en\/wp-content\/uploads\/2023\/12\/MS_In-8_Ms_009_33-670x1024.jpg 670w, https:\/\/archivesjesuites.ca\/en\/wp-content\/uploads\/2023\/12\/MS_In-8_Ms_009_33-196x300.jpg 196w, https:\/\/archivesjesuites.ca\/en\/wp-content\/uploads\/2023\/12\/MS_In-8_Ms_009_33-98x150.jpg 98w, https:\/\/archivesjesuites.ca\/en\/wp-content\/uploads\/2023\/12\/MS_In-8_Ms_009_33.jpg 736w\" sizes=\"(max-width: 670px) 100vw, 670px\" \/><\/figure><div class=\"wp-block-media-text__content\">\n<p>Other hypotheses remain to be explored, however, and we cannot rule out that the manuscript was integrated into the collection at a later date. Philippe de Montholon\u2019s Book of Hours has not yet shared all its secrets! You can learn more about it in the note written by Brenda Dunn-Lardeau, Helena Kogen, and Genevi\u00e8ve Samson in the stunning <em>Catalogue raisonn\u00e9 des livres d\u2019heures conserv\u00e9s au Qu\u00e9bec<\/em>, produced in the wake of the MMFA exhibition.<\/p>\n<\/div><\/div>\n\n\n\n<p><\/p>\n\n\n\n<p><\/p>\n\n\n\n<p>References:<\/p>\n\n\n\n<p>Dunn-Lardeau, B. (dir.). (2018). <em>Catalogue raisonn\u00e9 des livres d\u2019Heures conserv\u00e9s au Qu\u00e9bec<\/em>. Presses de l\u2019Universit\u00e9 du Qu\u00e9bec. https:\/\/doi.org\/10.2307\/j.ctvt1shn9<\/p>\n\n\n\n<p>Biron, J. (2016). Enqu\u00eate sur la provenance et les p\u00e9r\u00e9grinations de deux livres d\u2019Heures enlumin\u00e9s du XVe si\u00e8cle conserv\u00e9s aux Archives des j\u00e9suites au Canada. <em>Renaissance and Reformation \/ Renaissance et R\u00e9forme<\/em>, 39(4), 19\u201372. https:\/\/doi.org\/10.33137\/rr.v39i4.28159<\/p>\n\n\n\n<p><\/p>\n\n\n\n<figure class=\"is-layout-flex wp-block-gallery-1 wp-block-gallery has-nested-images columns-default is-cropped\">\n<figure class=\"wp-block-image size-large\"><a href=\"https:\/\/archivesjesuites.ca\/en\/ms_in-8_ms_009_01-2\/\"><img decoding=\"async\" loading=\"lazy\" width=\"677\" height=\"1024\" data-id=\"984\"  src=\"https:\/\/archivesjesuites.ca\/en\/wp-content\/uploads\/2023\/12\/MS_In-8_Ms_009_01-1-677x1024.jpg\" alt=\"\" class=\"wp-image-984\" srcset=\"https:\/\/archivesjesuites.ca\/en\/wp-content\/uploads\/2023\/12\/MS_In-8_Ms_009_01-1-677x1024.jpg 677w, https:\/\/archivesjesuites.ca\/en\/wp-content\/uploads\/2023\/12\/MS_In-8_Ms_009_01-1-198x300.jpg 198w, https:\/\/archivesjesuites.ca\/en\/wp-content\/uploads\/2023\/12\/MS_In-8_Ms_009_01-1-99x150.jpg 99w, https:\/\/archivesjesuites.ca\/en\/wp-content\/uploads\/2023\/12\/MS_In-8_Ms_009_01-1-768x1162.jpg 768w, https:\/\/archivesjesuites.ca\/en\/wp-content\/uploads\/2023\/12\/MS_In-8_Ms_009_01-1.jpg 892w\" sizes=\"(max-width: 677px) 100vw, 677px\" \/><\/a><figcaption class=\"wp-element-caption\">Binding of the Heures de Philippe de Montholon, end of 15th century. <br>MS In-8 Ms 009<\/figcaption><\/figure>\n\n\n\n<figure class=\"wp-block-image size-large\"><a href=\"https:\/\/archivesjesuites.ca\/en\/ms_in-8_ms_009_70\/\"><img decoding=\"async\" loading=\"lazy\" width=\"671\" height=\"1024\" data-id=\"986\"  src=\"https:\/\/archivesjesuites.ca\/en\/wp-content\/uploads\/2023\/12\/MS_In-8_Ms_009_70-671x1024.jpg\" alt=\"\" class=\"wp-image-986\" srcset=\"https:\/\/archivesjesuites.ca\/en\/wp-content\/uploads\/2023\/12\/MS_In-8_Ms_009_70-671x1024.jpg 671w, https:\/\/archivesjesuites.ca\/en\/wp-content\/uploads\/2023\/12\/MS_In-8_Ms_009_70-197x300.jpg 197w, https:\/\/archivesjesuites.ca\/en\/wp-content\/uploads\/2023\/12\/MS_In-8_Ms_009_70-98x150.jpg 98w, https:\/\/archivesjesuites.ca\/en\/wp-content\/uploads\/2023\/12\/MS_In-8_Ms_009_70.jpg 737w\" sizes=\"(max-width: 671px) 100vw, 671px\" \/><\/a><figcaption class=\"wp-element-caption\">The Adoration of the Magi, Heures de Philippe de Montholon, about 1460.<br>MS In-8 Ms 009<\/figcaption><\/figure>\n\n\n\n<figure class=\"wp-block-image size-large\"><a href=\"https:\/\/archivesjesuites.ca\/en\/ms_in-8_ms_009_33\/\"><img decoding=\"async\" loading=\"lazy\" width=\"670\" height=\"1024\" data-id=\"985\"  src=\"https:\/\/archivesjesuites.ca\/en\/wp-content\/uploads\/2023\/12\/MS_In-8_Ms_009_33-670x1024.jpg\" alt=\"\" class=\"wp-image-985\" srcset=\"https:\/\/archivesjesuites.ca\/en\/wp-content\/uploads\/2023\/12\/MS_In-8_Ms_009_33-670x1024.jpg 670w, https:\/\/archivesjesuites.ca\/en\/wp-content\/uploads\/2023\/12\/MS_In-8_Ms_009_33-196x300.jpg 196w, https:\/\/archivesjesuites.ca\/en\/wp-content\/uploads\/2023\/12\/MS_In-8_Ms_009_33-98x150.jpg 98w, https:\/\/archivesjesuites.ca\/en\/wp-content\/uploads\/2023\/12\/MS_In-8_Ms_009_33.jpg 736w\" sizes=\"(max-width: 670px) 100vw, 670px\" \/><\/a><figcaption class=\"wp-element-caption\">The Visitation, Heures de Philippe de Montholon, about 1460.<br>MS In-8 Ms 009<\/figcaption><\/figure>\n<\/figure>\n","protected":false},"excerpt":{"rendered":"<p>This year, we drew from a remarkable item in our collection to illustrate The Archives of the Jesuits of Canada &#8230; <\/p>\n","protected":false},"author":5,"featured_media":0,"comment_status":"open","ping_status":"open","sticky":false,"template":"","format":"standard","meta":[],"categories":[2],"tags":[],"acf":[],"yoast_head":"<!-- This site is optimized with the Yoast SEO plugin v19.10 - https:\/\/yoast.com\/wordpress\/plugins\/seo\/ -->\n<title>For the holidays, a remarkable item from the AJC collection | The Archive of the Jesuits in Canada<\/title>\n<meta name=\"description\" content=\"The latest news from the Archive of the Jesuits in Canada. Get updates on the latest exhibitions, blogs, press releases, and videos today.\" \/>\n<meta name=\"robots\" content=\"index, follow, max-snippet:-1, max-image-preview:large, max-video-preview:-1\" \/>\n<link rel=\"canonical\" href=\"https:\/\/archivesjesuites.ca\/en\/book-of-hours\/\" \/>\n<meta property=\"og:locale\" content=\"en_US\" \/>\n<meta property=\"og:type\" content=\"article\" \/>\n<meta property=\"og:title\" content=\"For the holidays, a remarkable item from the AJC collection | The Archive of the Jesuits in Canada\" \/>\n<meta property=\"og:description\" content=\"The latest news from the Archive of the Jesuits in Canada. Get updates on the latest exhibitions, blogs, press releases, and videos today.\" \/>\n<meta property=\"og:url\" content=\"https:\/\/archivesjesuites.ca\/en\/book-of-hours\/\" \/>\n<meta property=\"og:site_name\" content=\"The Archive of the Jesuits in Canada\" \/>\n<meta property=\"article:published_time\" content=\"2023-12-20T14:37:24+00:00\" \/>\n<meta property=\"article:modified_time\" content=\"2026-04-15T16:36:25+00:00\" \/>\n<meta property=\"og:image\" content=\"https:\/\/archivesjesuites.ca\/en\/wp-content\/uploads\/2023\/12\/MS_In-8_Ms_009_70-671x1024.jpg\" \/>\n<meta name=\"author\" content=\"haton\" \/>\n<meta name=\"twitter:card\" content=\"summary_large_image\" \/>\n<meta name=\"twitter:label1\" content=\"Written by\" \/>\n\t<meta name=\"twitter:data1\" content=\"haton\" \/>\n\t<meta name=\"twitter:label2\" content=\"Est. reading time\" \/>\n\t<meta name=\"twitter:data2\" content=\"4 minutes\" \/>\n<script type=\"application\/ld+json\" class=\"yoast-schema-graph\">{\"@context\":\"https:\/\/schema.org\",\"@graph\":[{\"@type\":\"WebPage\",\"@id\":\"https:\/\/archivesjesuites.ca\/en\/book-of-hours\/\",\"url\":\"https:\/\/archivesjesuites.ca\/en\/book-of-hours\/\",\"name\":\"For the holidays, a remarkable item from the AJC collection | The Archive of the Jesuits in Canada\",\"isPartOf\":{\"@id\":\"https:\/\/archivesjesuites.ca\/en\/#website\"},\"datePublished\":\"2023-12-20T14:37:24+00:00\",\"dateModified\":\"2026-04-15T16:36:25+00:00\",\"author\":{\"@id\":\"https:\/\/archivesjesuites.ca\/en\/#\/schema\/person\/ca528e33b48ce5d9e327ad3b4abceb7b\"},\"description\":\"The latest news from the Archive of the Jesuits in Canada. Get updates on the latest exhibitions, blogs, press releases, and videos today.\",\"breadcrumb\":{\"@id\":\"https:\/\/archivesjesuites.ca\/en\/book-of-hours\/#breadcrumb\"},\"inLanguage\":\"en-US\",\"potentialAction\":[{\"@type\":\"ReadAction\",\"target\":[\"https:\/\/archivesjesuites.ca\/en\/book-of-hours\/\"]}]},{\"@type\":\"BreadcrumbList\",\"@id\":\"https:\/\/archivesjesuites.ca\/en\/book-of-hours\/#breadcrumb\",\"itemListElement\":[{\"@type\":\"ListItem\",\"position\":1,\"name\":\"Home\",\"item\":\"https:\/\/archivesjesuites.ca\/en\/\"},{\"@type\":\"ListItem\",\"position\":2,\"name\":\"For the holidays, a remarkable item from the AJC collection\"}]},{\"@type\":\"WebSite\",\"@id\":\"https:\/\/archivesjesuites.ca\/en\/#website\",\"url\":\"https:\/\/archivesjesuites.ca\/en\/\",\"name\":\"The Archive of the Jesuits in Canada\",\"description\":\"\",\"potentialAction\":[{\"@type\":\"SearchAction\",\"target\":{\"@type\":\"EntryPoint\",\"urlTemplate\":\"https:\/\/archivesjesuites.ca\/en\/?s={search_term_string}\"},\"query-input\":\"required name=search_term_string\"}],\"inLanguage\":\"en-US\"},{\"@type\":\"Person\",\"@id\":\"https:\/\/archivesjesuites.ca\/en\/#\/schema\/person\/ca528e33b48ce5d9e327ad3b4abceb7b\",\"name\":\"haton\",\"image\":{\"@type\":\"ImageObject\",\"inLanguage\":\"en-US\",\"@id\":\"https:\/\/archivesjesuites.ca\/en\/#\/schema\/person\/image\/\",\"url\":\"https:\/\/secure.gravatar.com\/avatar\/8dae858ccc5f97dac96c129e9562ecd8?s=96&d=mm&r=g\",\"contentUrl\":\"https:\/\/secure.gravatar.com\/avatar\/8dae858ccc5f97dac96c129e9562ecd8?s=96&d=mm&r=g\",\"caption\":\"haton\"},\"url\":\"https:\/\/archivesjesuites.ca\/en\/author\/haton\/\"}]}<\/script>\n<!-- \/ Yoast SEO plugin. -->","yoast_head_json":{"title":"For the holidays, a remarkable item from the AJC collection | The Archive of the Jesuits in Canada","description":"The latest news from the Archive of the Jesuits in Canada. Get updates on the latest exhibitions, blogs, press releases, and videos today.","robots":{"index":"index","follow":"follow","max-snippet":"max-snippet:-1","max-image-preview":"max-image-preview:large","max-video-preview":"max-video-preview:-1"},"canonical":"https:\/\/archivesjesuites.ca\/en\/book-of-hours\/","og_locale":"en_US","og_type":"article","og_title":"For the holidays, a remarkable item from the AJC collection | The Archive of the Jesuits in Canada","og_description":"The latest news from the Archive of the Jesuits in Canada. Get updates on the latest exhibitions, blogs, press releases, and videos today.","og_url":"https:\/\/archivesjesuites.ca\/en\/book-of-hours\/","og_site_name":"The Archive of the Jesuits in Canada","article_published_time":"2023-12-20T14:37:24+00:00","article_modified_time":"2026-04-15T16:36:25+00:00","og_image":[{"url":"https:\/\/archivesjesuites.ca\/en\/wp-content\/uploads\/2023\/12\/MS_In-8_Ms_009_70-671x1024.jpg"}],"author":"haton","twitter_card":"summary_large_image","twitter_misc":{"Written by":"haton","Est. reading time":"4 minutes"},"schema":{"@context":"https:\/\/schema.org","@graph":[{"@type":"WebPage","@id":"https:\/\/archivesjesuites.ca\/en\/book-of-hours\/","url":"https:\/\/archivesjesuites.ca\/en\/book-of-hours\/","name":"For the holidays, a remarkable item from the AJC collection | The Archive of the Jesuits in Canada","isPartOf":{"@id":"https:\/\/archivesjesuites.ca\/en\/#website"},"datePublished":"2023-12-20T14:37:24+00:00","dateModified":"2026-04-15T16:36:25+00:00","author":{"@id":"https:\/\/archivesjesuites.ca\/en\/#\/schema\/person\/ca528e33b48ce5d9e327ad3b4abceb7b"},"description":"The latest news from the Archive of the Jesuits in Canada. Get updates on the latest exhibitions, blogs, press releases, and videos today.","breadcrumb":{"@id":"https:\/\/archivesjesuites.ca\/en\/book-of-hours\/#breadcrumb"},"inLanguage":"en-US","potentialAction":[{"@type":"ReadAction","target":["https:\/\/archivesjesuites.ca\/en\/book-of-hours\/"]}]},{"@type":"BreadcrumbList","@id":"https:\/\/archivesjesuites.ca\/en\/book-of-hours\/#breadcrumb","itemListElement":[{"@type":"ListItem","position":1,"name":"Home","item":"https:\/\/archivesjesuites.ca\/en\/"},{"@type":"ListItem","position":2,"name":"For the holidays, a remarkable item from the AJC collection"}]},{"@type":"WebSite","@id":"https:\/\/archivesjesuites.ca\/en\/#website","url":"https:\/\/archivesjesuites.ca\/en\/","name":"The Archive of the Jesuits in Canada","description":"","potentialAction":[{"@type":"SearchAction","target":{"@type":"EntryPoint","urlTemplate":"https:\/\/archivesjesuites.ca\/en\/?s={search_term_string}"},"query-input":"required name=search_term_string"}],"inLanguage":"en-US"},{"@type":"Person","@id":"https:\/\/archivesjesuites.ca\/en\/#\/schema\/person\/ca528e33b48ce5d9e327ad3b4abceb7b","name":"haton","image":{"@type":"ImageObject","inLanguage":"en-US","@id":"https:\/\/archivesjesuites.ca\/en\/#\/schema\/person\/image\/","url":"https:\/\/secure.gravatar.com\/avatar\/8dae858ccc5f97dac96c129e9562ecd8?s=96&d=mm&r=g","contentUrl":"https:\/\/secure.gravatar.com\/avatar\/8dae858ccc5f97dac96c129e9562ecd8?s=96&d=mm&r=g","caption":"haton"},"url":"https:\/\/archivesjesuites.ca\/en\/author\/haton\/"}]}},"_links":{"self":[{"href":"https:\/\/archivesjesuites.ca\/en\/wp-json\/wp\/v2\/posts\/981"}],"collection":[{"href":"https:\/\/archivesjesuites.ca\/en\/wp-json\/wp\/v2\/posts"}],"about":[{"href":"https:\/\/archivesjesuites.ca\/en\/wp-json\/wp\/v2\/types\/post"}],"author":[{"embeddable":true,"href":"https:\/\/archivesjesuites.ca\/en\/wp-json\/wp\/v2\/users\/5"}],"replies":[{"embeddable":true,"href":"https:\/\/archivesjesuites.ca\/en\/wp-json\/wp\/v2\/comments?post=981"}],"version-history":[{"count":8,"href":"https:\/\/archivesjesuites.ca\/en\/wp-json\/wp\/v2\/posts\/981\/revisions"}],"predecessor-version":[{"id":996,"href":"https:\/\/archivesjesuites.ca\/en\/wp-json\/wp\/v2\/posts\/981\/revisions\/996"}],"wp:attachment":[{"href":"https:\/\/archivesjesuites.ca\/en\/wp-json\/wp\/v2\/media?parent=981"}],"wp:term":[{"taxonomy":"category","embeddable":true,"href":"https:\/\/archivesjesuites.ca\/en\/wp-json\/wp\/v2\/categories?post=981"},{"taxonomy":"post_tag","embeddable":true,"href":"https:\/\/archivesjesuites.ca\/en\/wp-json\/wp\/v2\/tags?post=981"}],"curies":[{"name":"wp","href":"https:\/\/api.w.org\/{rel}","templated":true}]}}