{"id":916,"date":"2023-10-04T20:54:03","date_gmt":"2023-10-04T20:54:03","guid":{"rendered":"https:\/\/archivesjesuites.ca\/en\/?p=916"},"modified":"2023-10-04T20:54:04","modified_gmt":"2023-10-04T20:54:04","slug":"felix-martin-s-j-born-on-this-day-in-1804","status":"publish","type":"post","link":"https:\/\/archivesjesuites.ca\/en\/felix-martin-s-j-born-on-this-day-in-1804\/","title":{"rendered":"F\u00e9lix Martin, S.J., born on this day in 1804"},"content":{"rendered":"\n<p>Today at The Archive of the Jesuits in Canada (AJC), we celebrate the birthday of F\u00e9lix Martin, S.J. (1804-1886), Superior of the Jesuits of Lower Canada, founder of Coll\u00e8ge Sainte-Marie, and archivist. Martin\u2019s story is inextricably woven into the history of the Society of Jesus in Canada after its restoration.<\/p>\n\n\n\n<figure class=\"wp-block-image size-large\"><img decoding=\"async\" loading=\"lazy\" width=\"1024\" height=\"724\" src=\"https:\/\/archivesjesuites.ca\/en\/wp-content\/uploads\/2023\/10\/0900-0006.4.0004_recto_detail_01-compresse-1024x724.jpg\" alt=\"\" class=\"wp-image-921\" srcset=\"https:\/\/archivesjesuites.ca\/en\/wp-content\/uploads\/2023\/10\/0900-0006.4.0004_recto_detail_01-compresse-1024x724.jpg 1024w, https:\/\/archivesjesuites.ca\/en\/wp-content\/uploads\/2023\/10\/0900-0006.4.0004_recto_detail_01-compresse-300x212.jpg 300w, https:\/\/archivesjesuites.ca\/en\/wp-content\/uploads\/2023\/10\/0900-0006.4.0004_recto_detail_01-compresse-150x106.jpg 150w, https:\/\/archivesjesuites.ca\/en\/wp-content\/uploads\/2023\/10\/0900-0006.4.0004_recto_detail_01-compresse-768x543.jpg 768w, https:\/\/archivesjesuites.ca\/en\/wp-content\/uploads\/2023\/10\/0900-0006.4.0004_recto_detail_01-compresse-1536x1086.jpg 1536w, https:\/\/archivesjesuites.ca\/en\/wp-content\/uploads\/2023\/10\/0900-0006.4.0004_recto_detail_01-compresse-2048x1447.jpg 2048w\" sizes=\"(max-width: 1024px) 100vw, 1024px\" \/><figcaption class=\"wp-element-caption\">F\u00e9lix Martin (standing center right with crossed arms) among jesuites at the Coll\u00e8ge Sainte-Marie.<\/figcaption><\/figure>\n\n\n\n<p><\/p>\n\n\n\n<p>Though the Jesuits in Canada were not forced to return to Europe when the Society of Jesus was suppressed on the continent and in its missions around the world, new missionaries were prohibited from joining them. When the last of the pre-suppression Jesuits passed away in 1800, it took another forty-two years before the Society of Jesus returned to its missions in Canada. The precious records of the first generation of Jesuits were either destroyed, lost, given to other entities, or brought back to France.<\/p>\n\n\n\n<div class=\"wp-block-media-text alignwide is-stacked-on-mobile is-vertically-aligned-top is-image-fill\"><figure class=\"wp-block-media-text__media\" style=\"background-image:url(https:\/\/archivesjesuites.ca\/en\/wp-content\/uploads\/2023\/10\/C-1.247-Martin-et-autres-2-1-scaled-e1696444378956-781x1024.jpg);background-position:52% 35%\"><img decoding=\"async\" loading=\"lazy\" width=\"781\" height=\"1024\" src=\"https:\/\/archivesjesuites.ca\/en\/wp-content\/uploads\/2023\/10\/C-1.247-Martin-et-autres-2-1-scaled-e1696444378956-781x1024.jpg\" alt=\"\" class=\"wp-image-955 size-full\" srcset=\"https:\/\/archivesjesuites.ca\/en\/wp-content\/uploads\/2023\/10\/C-1.247-Martin-et-autres-2-1-scaled-e1696444378956-781x1024.jpg 781w, https:\/\/archivesjesuites.ca\/en\/wp-content\/uploads\/2023\/10\/C-1.247-Martin-et-autres-2-1-scaled-e1696444378956-229x300.jpg 229w, https:\/\/archivesjesuites.ca\/en\/wp-content\/uploads\/2023\/10\/C-1.247-Martin-et-autres-2-1-scaled-e1696444378956-114x150.jpg 114w, https:\/\/archivesjesuites.ca\/en\/wp-content\/uploads\/2023\/10\/C-1.247-Martin-et-autres-2-1-scaled-e1696444378956-768x1007.jpg 768w, https:\/\/archivesjesuites.ca\/en\/wp-content\/uploads\/2023\/10\/C-1.247-Martin-et-autres-2-1-scaled-e1696444378956-1171x1536.jpg 1171w, https:\/\/archivesjesuites.ca\/en\/wp-content\/uploads\/2023\/10\/C-1.247-Martin-et-autres-2-1-scaled-e1696444378956-1562x2048.jpg 1562w, https:\/\/archivesjesuites.ca\/en\/wp-content\/uploads\/2023\/10\/C-1.247-Martin-et-autres-2-1-scaled-e1696444378956.jpg 1888w\" sizes=\"(max-width: 781px) 100vw, 781px\" \/><\/figure><div class=\"wp-block-media-text__content\">\n<p>When Father Martin arrived in Canada in 1842, among the first party of missionaries to return post-suppression, he began the work of collecting and preserving the records that survived. The story of how he received documents from the Hospital Sisters of the H\u00f4tel-Dieu in Quebec City\u2014which had been entrusted to them by the last Jesuit in Canada\u2014is part of the AJC\u2019s origin story. Eventually, when he founded Coll\u00e8ge Sainte-Marie in Montreal, Father Martin set up the archives that would contain both the pre-suppression materials he collected and future documents related to Coll\u00e8ge Sainte-Marie and the activities of the Jesuits in Canada.<\/p>\n<\/div><\/div>\n\n\n\n<p><\/p>\n\n\n\n<p>Today, The AJC holds Father Martin\u2019s papers, writings, and publications, as well as a number of sketches, drawings, and paintings of architectural structures and landscapes, for which he was known. Indeed, in addition to his talent as an archivist, Martin was a skilled architectural artist. Though his most famous piece is likely his watercolour of Coll\u00e8ge Sainte-Marie, the following images demonstrate the range of Martin\u2019s interests as an artist:<\/p>\n\n\n\n<figure class=\"is-layout-flex wp-block-gallery-1 wp-block-gallery has-nested-images columns-3 is-cropped\">\n<figure class=\"wp-block-image size-large\"><a href=\"https:\/\/archivesjesuites.ca\/en\/?attachment_id=931\" target=\"_blank\" rel=\"noopener\"><img decoding=\"async\" loading=\"lazy\" width=\"804\" height=\"1024\" data-id=\"931\"  src=\"https:\/\/archivesjesuites.ca\/en\/wp-content\/uploads\/2023\/10\/0900-0027.3.4_recto-min-804x1024.jpg\" alt=\"\" class=\"wp-image-931\" srcset=\"https:\/\/archivesjesuites.ca\/en\/wp-content\/uploads\/2023\/10\/0900-0027.3.4_recto-min-804x1024.jpg 804w, https:\/\/archivesjesuites.ca\/en\/wp-content\/uploads\/2023\/10\/0900-0027.3.4_recto-min-235x300.jpg 235w, https:\/\/archivesjesuites.ca\/en\/wp-content\/uploads\/2023\/10\/0900-0027.3.4_recto-min-118x150.jpg 118w, https:\/\/archivesjesuites.ca\/en\/wp-content\/uploads\/2023\/10\/0900-0027.3.4_recto-min-768x979.jpg 768w, https:\/\/archivesjesuites.ca\/en\/wp-content\/uploads\/2023\/10\/0900-0027.3.4_recto-min-1206x1536.jpg 1206w, https:\/\/archivesjesuites.ca\/en\/wp-content\/uploads\/2023\/10\/0900-0027.3.4_recto-min-1607x2048.jpg 1607w, https:\/\/archivesjesuites.ca\/en\/wp-content\/uploads\/2023\/10\/0900-0027.3.4_recto-min-scaled.jpg 2009w\" sizes=\"(max-width: 804px) 100vw, 804px\" \/><\/a><figcaption class=\"wp-element-caption\">Notre-Dame de Bonsecours avant les r\u00e9parations. 0900-0027.3.4<\/figcaption><\/figure>\n\n\n\n<figure class=\"wp-block-image size-large\"><a href=\"https:\/\/archivesjesuites.ca\/en\/?attachment_id=939\" target=\"_blank\" rel=\"noopener\"><img decoding=\"async\" loading=\"lazy\" width=\"1024\" height=\"615\" data-id=\"939\"  src=\"https:\/\/archivesjesuites.ca\/en\/wp-content\/uploads\/2023\/10\/0900-0027.3.6-min-1-min-1024x615.jpg\" alt=\"\" class=\"wp-image-939\" srcset=\"https:\/\/archivesjesuites.ca\/en\/wp-content\/uploads\/2023\/10\/0900-0027.3.6-min-1-min-1024x615.jpg 1024w, https:\/\/archivesjesuites.ca\/en\/wp-content\/uploads\/2023\/10\/0900-0027.3.6-min-1-min-300x180.jpg 300w, https:\/\/archivesjesuites.ca\/en\/wp-content\/uploads\/2023\/10\/0900-0027.3.6-min-1-min-150x90.jpg 150w, https:\/\/archivesjesuites.ca\/en\/wp-content\/uploads\/2023\/10\/0900-0027.3.6-min-1-min-768x461.jpg 768w, https:\/\/archivesjesuites.ca\/en\/wp-content\/uploads\/2023\/10\/0900-0027.3.6-min-1-min-1536x922.jpg 1536w, https:\/\/archivesjesuites.ca\/en\/wp-content\/uploads\/2023\/10\/0900-0027.3.6-min-1-min-2048x1230.jpg 2048w\" sizes=\"(max-width: 1024px) 100vw, 1024px\" \/><\/a><figcaption class=\"wp-element-caption\">Dessins du P. F\u00e9lix Martin, s.j. <br>0900-0027.3.6<\/figcaption><\/figure>\n\n\n\n<figure class=\"wp-block-image size-full\"><a href=\"https:\/\/archivesjesuites.ca\/en\/?attachment_id=933\" target=\"_blank\" rel=\"noopener\"><img decoding=\"async\" loading=\"lazy\" width=\"864\" height=\"683\" data-id=\"933\"  src=\"https:\/\/archivesjesuites.ca\/en\/wp-content\/uploads\/2023\/10\/0900-0027.3.0014-Architectural-details-min-1.png\" alt=\"\" class=\"wp-image-933\" srcset=\"https:\/\/archivesjesuites.ca\/en\/wp-content\/uploads\/2023\/10\/0900-0027.3.0014-Architectural-details-min-1.png 864w, https:\/\/archivesjesuites.ca\/en\/wp-content\/uploads\/2023\/10\/0900-0027.3.0014-Architectural-details-min-1-300x237.png 300w, https:\/\/archivesjesuites.ca\/en\/wp-content\/uploads\/2023\/10\/0900-0027.3.0014-Architectural-details-min-1-150x119.png 150w, https:\/\/archivesjesuites.ca\/en\/wp-content\/uploads\/2023\/10\/0900-0027.3.0014-Architectural-details-min-1-768x607.png 768w\" sizes=\"(max-width: 864px) 100vw, 864px\" \/><\/a><figcaption class=\"wp-element-caption\">\u00ab Cath\u00e9d. du Mans galerie de l\u2019abside. \u00bb 0900-0027.3.0014<\/figcaption><\/figure>\n\n\n\n<figure class=\"wp-block-image size-full\"><a href=\"https:\/\/archivesjesuites.ca\/en\/?attachment_id=934\" target=\"_blank\" rel=\"noopener\"><img decoding=\"async\" loading=\"lazy\" width=\"843\" height=\"680\" data-id=\"934\"  src=\"https:\/\/archivesjesuites.ca\/en\/wp-content\/uploads\/2023\/10\/0900-0027.3.0015-Architectural-details-2.png\" alt=\"\" class=\"wp-image-934\" srcset=\"https:\/\/archivesjesuites.ca\/en\/wp-content\/uploads\/2023\/10\/0900-0027.3.0015-Architectural-details-2.png 843w, https:\/\/archivesjesuites.ca\/en\/wp-content\/uploads\/2023\/10\/0900-0027.3.0015-Architectural-details-2-300x242.png 300w, https:\/\/archivesjesuites.ca\/en\/wp-content\/uploads\/2023\/10\/0900-0027.3.0015-Architectural-details-2-150x121.png 150w, https:\/\/archivesjesuites.ca\/en\/wp-content\/uploads\/2023\/10\/0900-0027.3.0015-Architectural-details-2-768x620.png 768w\" sizes=\"(max-width: 843px) 100vw, 843px\" \/><\/a><figcaption class=\"wp-element-caption\">Croquis de diff\u00e9rents \u00e9l\u00e9ments architecturaux tir\u00e9s de plusieurs \u00e9glises. 0900-0027.3.0015<\/figcaption><\/figure>\n\n\n\n<figure class=\"wp-block-image size-full\"><a href=\"https:\/\/archivesjesuites.ca\/en\/?attachment_id=960\" target=\"_blank\" rel=\"noopener\"><img decoding=\"async\" loading=\"lazy\" width=\"362\" height=\"554\" data-id=\"960\"  src=\"https:\/\/archivesjesuites.ca\/en\/wp-content\/uploads\/2023\/10\/0900-0027.3.0015-Exterieur-1.png\" alt=\"\" class=\"wp-image-960\" srcset=\"https:\/\/archivesjesuites.ca\/en\/wp-content\/uploads\/2023\/10\/0900-0027.3.0015-Exterieur-1.png 362w, https:\/\/archivesjesuites.ca\/en\/wp-content\/uploads\/2023\/10\/0900-0027.3.0015-Exterieur-1-196x300.png 196w, https:\/\/archivesjesuites.ca\/en\/wp-content\/uploads\/2023\/10\/0900-0027.3.0015-Exterieur-1-98x150.png 98w\" sizes=\"(max-width: 362px) 100vw, 362px\" \/><\/a><figcaption class=\"wp-element-caption\">Vue d\u2019un passage semi-\u00advo\u00fbt\u00e9\ten pierre avec personnages discutant et chien. 0900-0027.3.0015<\/figcaption><\/figure>\n\n\n\n<figure class=\"wp-block-image size-full\"><a href=\"https:\/\/archivesjesuites.ca\/en\/?attachment_id=937\" target=\"_blank\" rel=\"noopener\"><img decoding=\"async\" loading=\"lazy\" width=\"890\" height=\"626\" data-id=\"937\"  src=\"https:\/\/archivesjesuites.ca\/en\/wp-content\/uploads\/2023\/10\/0900-0027.3.0016-Cabane-a-Quebec.png\" alt=\"\" class=\"wp-image-937\" srcset=\"https:\/\/archivesjesuites.ca\/en\/wp-content\/uploads\/2023\/10\/0900-0027.3.0016-Cabane-a-Quebec.png 890w, https:\/\/archivesjesuites.ca\/en\/wp-content\/uploads\/2023\/10\/0900-0027.3.0016-Cabane-a-Quebec-300x211.png 300w, https:\/\/archivesjesuites.ca\/en\/wp-content\/uploads\/2023\/10\/0900-0027.3.0016-Cabane-a-Quebec-150x106.png 150w, https:\/\/archivesjesuites.ca\/en\/wp-content\/uploads\/2023\/10\/0900-0027.3.0016-Cabane-a-Quebec-768x540.png 768w\" sizes=\"(max-width: 890px) 100vw, 890px\" \/><\/a><figcaption class=\"wp-element-caption\">Sc\u00e8ne canadienne. 0900-0027.3.0016<\/figcaption><\/figure>\n\n\n\n<figure class=\"wp-block-image size-full\"><a href=\"https:\/\/archivesjesuites.ca\/en\/?attachment_id=938\" target=\"_blank\" rel=\"noopener\"><img decoding=\"async\" loading=\"lazy\" width=\"893\" height=\"591\" data-id=\"938\"  src=\"https:\/\/archivesjesuites.ca\/en\/wp-content\/uploads\/2023\/10\/0900-0027.3.0016-Cabane-dans-les-Alpes.png\" alt=\"\" class=\"wp-image-938\" srcset=\"https:\/\/archivesjesuites.ca\/en\/wp-content\/uploads\/2023\/10\/0900-0027.3.0016-Cabane-dans-les-Alpes.png 893w, https:\/\/archivesjesuites.ca\/en\/wp-content\/uploads\/2023\/10\/0900-0027.3.0016-Cabane-dans-les-Alpes-300x199.png 300w, https:\/\/archivesjesuites.ca\/en\/wp-content\/uploads\/2023\/10\/0900-0027.3.0016-Cabane-dans-les-Alpes-150x99.png 150w, https:\/\/archivesjesuites.ca\/en\/wp-content\/uploads\/2023\/10\/0900-0027.3.0016-Cabane-dans-les-Alpes-768x508.png 768w\" sizes=\"(max-width: 893px) 100vw, 893px\" \/><\/a><figcaption class=\"wp-element-caption\">Cabane construite sur les Alpes par des bucherons tyroliens. 0900-0027.3.0016<\/figcaption><\/figure>\n<\/figure>\n\n\n\n<p><\/p>\n\n\n\n<p>To find out more about our holdings on Father Martin, check out his entry in our catalogue <a href=\"https:\/\/catalogue.archivesjesuites.ca\/collection-felix-martin-s-j\">here<\/a>.<\/p>\n","protected":false},"excerpt":{"rendered":"<p>Today at The Archive of the Jesuits in Canada (AJC), we celebrate the birthday of F\u00e9lix Martin, S.J. (1804-1886), Superior &#8230; <\/p>\n","protected":false},"author":5,"featured_media":0,"comment_status":"closed","ping_status":"closed","sticky":false,"template":"","format":"standard","meta":[],"categories":[2],"tags":[],"acf":[],"yoast_head":"<!-- This site is optimized with the Yoast SEO plugin v19.10 - https:\/\/yoast.com\/wordpress\/plugins\/seo\/ -->\n<title>F\u00e9lix Martin, S.J., born on this day in 1804 | The Archive of the Jesuits in Canada<\/title>\n<meta name=\"description\" content=\"The latest news from the Archive of the Jesuits in Canada. Get updates on the latest exhibitions, blogs, press releases, and videos today.\" \/>\n<meta name=\"robots\" content=\"index, follow, max-snippet:-1, max-image-preview:large, max-video-preview:-1\" \/>\n<link rel=\"canonical\" href=\"https:\/\/archivesjesuites.ca\/en\/felix-martin-s-j-born-on-this-day-in-1804\/\" \/>\n<meta property=\"og:locale\" content=\"en_US\" \/>\n<meta property=\"og:type\" content=\"article\" \/>\n<meta property=\"og:title\" content=\"F\u00e9lix Martin, S.J., born on this day in 1804 | The Archive of the Jesuits in Canada\" \/>\n<meta property=\"og:description\" content=\"The latest news from the Archive of the Jesuits in Canada. Get updates on the latest exhibitions, blogs, press releases, and videos today.\" \/>\n<meta property=\"og:url\" content=\"https:\/\/archivesjesuites.ca\/en\/felix-martin-s-j-born-on-this-day-in-1804\/\" \/>\n<meta property=\"og:site_name\" content=\"The Archive of the Jesuits in Canada\" \/>\n<meta property=\"article:published_time\" content=\"2023-10-04T20:54:03+00:00\" \/>\n<meta property=\"article:modified_time\" content=\"2023-10-04T20:54:04+00:00\" \/>\n<meta property=\"og:image\" content=\"https:\/\/archivesjesuites.ca\/en\/wp-content\/uploads\/2023\/10\/0900-0006.4.0004_recto_detail_01-compresse-1024x724.jpg\" \/>\n<meta name=\"author\" content=\"haton\" \/>\n<meta name=\"twitter:card\" content=\"summary_large_image\" \/>\n<meta name=\"twitter:label1\" content=\"Written by\" \/>\n\t<meta name=\"twitter:data1\" content=\"haton\" \/>\n\t<meta name=\"twitter:label2\" content=\"Est. reading time\" \/>\n\t<meta name=\"twitter:data2\" content=\"4 minutes\" \/>\n<script type=\"application\/ld+json\" class=\"yoast-schema-graph\">{\"@context\":\"https:\/\/schema.org\",\"@graph\":[{\"@type\":\"WebPage\",\"@id\":\"https:\/\/archivesjesuites.ca\/en\/felix-martin-s-j-born-on-this-day-in-1804\/\",\"url\":\"https:\/\/archivesjesuites.ca\/en\/felix-martin-s-j-born-on-this-day-in-1804\/\",\"name\":\"F\u00e9lix Martin, S.J., born on this day in 1804 | The Archive of the Jesuits in Canada\",\"isPartOf\":{\"@id\":\"https:\/\/archivesjesuites.ca\/en\/#website\"},\"datePublished\":\"2023-10-04T20:54:03+00:00\",\"dateModified\":\"2023-10-04T20:54:04+00:00\",\"author\":{\"@id\":\"https:\/\/archivesjesuites.ca\/en\/#\/schema\/person\/ca528e33b48ce5d9e327ad3b4abceb7b\"},\"description\":\"The latest news from the Archive of the Jesuits in Canada. Get updates on the latest exhibitions, blogs, press releases, and videos today.\",\"breadcrumb\":{\"@id\":\"https:\/\/archivesjesuites.ca\/en\/felix-martin-s-j-born-on-this-day-in-1804\/#breadcrumb\"},\"inLanguage\":\"en-US\",\"potentialAction\":[{\"@type\":\"ReadAction\",\"target\":[\"https:\/\/archivesjesuites.ca\/en\/felix-martin-s-j-born-on-this-day-in-1804\/\"]}]},{\"@type\":\"BreadcrumbList\",\"@id\":\"https:\/\/archivesjesuites.ca\/en\/felix-martin-s-j-born-on-this-day-in-1804\/#breadcrumb\",\"itemListElement\":[{\"@type\":\"ListItem\",\"position\":1,\"name\":\"Home\",\"item\":\"https:\/\/archivesjesuites.ca\/en\/\"},{\"@type\":\"ListItem\",\"position\":2,\"name\":\"F\u00e9lix Martin, S.J., born on this day in 1804\"}]},{\"@type\":\"WebSite\",\"@id\":\"https:\/\/archivesjesuites.ca\/en\/#website\",\"url\":\"https:\/\/archivesjesuites.ca\/en\/\",\"name\":\"The Archive of the Jesuits in Canada\",\"description\":\"\",\"potentialAction\":[{\"@type\":\"SearchAction\",\"target\":{\"@type\":\"EntryPoint\",\"urlTemplate\":\"https:\/\/archivesjesuites.ca\/en\/?s={search_term_string}\"},\"query-input\":\"required name=search_term_string\"}],\"inLanguage\":\"en-US\"},{\"@type\":\"Person\",\"@id\":\"https:\/\/archivesjesuites.ca\/en\/#\/schema\/person\/ca528e33b48ce5d9e327ad3b4abceb7b\",\"name\":\"haton\",\"image\":{\"@type\":\"ImageObject\",\"inLanguage\":\"en-US\",\"@id\":\"https:\/\/archivesjesuites.ca\/en\/#\/schema\/person\/image\/\",\"url\":\"https:\/\/secure.gravatar.com\/avatar\/8dae858ccc5f97dac96c129e9562ecd8?s=96&d=mm&r=g\",\"contentUrl\":\"https:\/\/secure.gravatar.com\/avatar\/8dae858ccc5f97dac96c129e9562ecd8?s=96&d=mm&r=g\",\"caption\":\"haton\"},\"url\":\"https:\/\/archivesjesuites.ca\/en\/author\/haton\/\"}]}<\/script>\n<!-- \/ Yoast SEO plugin. -->","yoast_head_json":{"title":"F\u00e9lix Martin, S.J., born on this day in 1804 | The Archive of the Jesuits in Canada","description":"The latest news from the Archive of the Jesuits in Canada. Get updates on the latest exhibitions, blogs, press releases, and videos today.","robots":{"index":"index","follow":"follow","max-snippet":"max-snippet:-1","max-image-preview":"max-image-preview:large","max-video-preview":"max-video-preview:-1"},"canonical":"https:\/\/archivesjesuites.ca\/en\/felix-martin-s-j-born-on-this-day-in-1804\/","og_locale":"en_US","og_type":"article","og_title":"F\u00e9lix Martin, S.J., born on this day in 1804 | The Archive of the Jesuits in Canada","og_description":"The latest news from the Archive of the Jesuits in Canada. Get updates on the latest exhibitions, blogs, press releases, and videos today.","og_url":"https:\/\/archivesjesuites.ca\/en\/felix-martin-s-j-born-on-this-day-in-1804\/","og_site_name":"The Archive of the Jesuits in Canada","article_published_time":"2023-10-04T20:54:03+00:00","article_modified_time":"2023-10-04T20:54:04+00:00","og_image":[{"url":"https:\/\/archivesjesuites.ca\/en\/wp-content\/uploads\/2023\/10\/0900-0006.4.0004_recto_detail_01-compresse-1024x724.jpg"}],"author":"haton","twitter_card":"summary_large_image","twitter_misc":{"Written by":"haton","Est. reading time":"4 minutes"},"schema":{"@context":"https:\/\/schema.org","@graph":[{"@type":"WebPage","@id":"https:\/\/archivesjesuites.ca\/en\/felix-martin-s-j-born-on-this-day-in-1804\/","url":"https:\/\/archivesjesuites.ca\/en\/felix-martin-s-j-born-on-this-day-in-1804\/","name":"F\u00e9lix Martin, S.J., born on this day in 1804 | The Archive of the Jesuits in Canada","isPartOf":{"@id":"https:\/\/archivesjesuites.ca\/en\/#website"},"datePublished":"2023-10-04T20:54:03+00:00","dateModified":"2023-10-04T20:54:04+00:00","author":{"@id":"https:\/\/archivesjesuites.ca\/en\/#\/schema\/person\/ca528e33b48ce5d9e327ad3b4abceb7b"},"description":"The latest news from the Archive of the Jesuits in Canada. Get updates on the latest exhibitions, blogs, press releases, and videos today.","breadcrumb":{"@id":"https:\/\/archivesjesuites.ca\/en\/felix-martin-s-j-born-on-this-day-in-1804\/#breadcrumb"},"inLanguage":"en-US","potentialAction":[{"@type":"ReadAction","target":["https:\/\/archivesjesuites.ca\/en\/felix-martin-s-j-born-on-this-day-in-1804\/"]}]},{"@type":"BreadcrumbList","@id":"https:\/\/archivesjesuites.ca\/en\/felix-martin-s-j-born-on-this-day-in-1804\/#breadcrumb","itemListElement":[{"@type":"ListItem","position":1,"name":"Home","item":"https:\/\/archivesjesuites.ca\/en\/"},{"@type":"ListItem","position":2,"name":"F\u00e9lix Martin, S.J., born on this day in 1804"}]},{"@type":"WebSite","@id":"https:\/\/archivesjesuites.ca\/en\/#website","url":"https:\/\/archivesjesuites.ca\/en\/","name":"The Archive of the Jesuits in Canada","description":"","potentialAction":[{"@type":"SearchAction","target":{"@type":"EntryPoint","urlTemplate":"https:\/\/archivesjesuites.ca\/en\/?s={search_term_string}"},"query-input":"required name=search_term_string"}],"inLanguage":"en-US"},{"@type":"Person","@id":"https:\/\/archivesjesuites.ca\/en\/#\/schema\/person\/ca528e33b48ce5d9e327ad3b4abceb7b","name":"haton","image":{"@type":"ImageObject","inLanguage":"en-US","@id":"https:\/\/archivesjesuites.ca\/en\/#\/schema\/person\/image\/","url":"https:\/\/secure.gravatar.com\/avatar\/8dae858ccc5f97dac96c129e9562ecd8?s=96&d=mm&r=g","contentUrl":"https:\/\/secure.gravatar.com\/avatar\/8dae858ccc5f97dac96c129e9562ecd8?s=96&d=mm&r=g","caption":"haton"},"url":"https:\/\/archivesjesuites.ca\/en\/author\/haton\/"}]}},"_links":{"self":[{"href":"https:\/\/archivesjesuites.ca\/en\/wp-json\/wp\/v2\/posts\/916"}],"collection":[{"href":"https:\/\/archivesjesuites.ca\/en\/wp-json\/wp\/v2\/posts"}],"about":[{"href":"https:\/\/archivesjesuites.ca\/en\/wp-json\/wp\/v2\/types\/post"}],"author":[{"embeddable":true,"href":"https:\/\/archivesjesuites.ca\/en\/wp-json\/wp\/v2\/users\/5"}],"replies":[{"embeddable":true,"href":"https:\/\/archivesjesuites.ca\/en\/wp-json\/wp\/v2\/comments?post=916"}],"version-history":[{"count":27,"href":"https:\/\/archivesjesuites.ca\/en\/wp-json\/wp\/v2\/posts\/916\/revisions"}],"predecessor-version":[{"id":979,"href":"https:\/\/archivesjesuites.ca\/en\/wp-json\/wp\/v2\/posts\/916\/revisions\/979"}],"wp:attachment":[{"href":"https:\/\/archivesjesuites.ca\/en\/wp-json\/wp\/v2\/media?parent=916"}],"wp:term":[{"taxonomy":"category","embeddable":true,"href":"https:\/\/archivesjesuites.ca\/en\/wp-json\/wp\/v2\/categories?post=916"},{"taxonomy":"post_tag","embeddable":true,"href":"https:\/\/archivesjesuites.ca\/en\/wp-json\/wp\/v2\/tags?post=916"}],"curies":[{"name":"wp","href":"https:\/\/api.w.org\/{rel}","templated":true}]}}