{"id":799,"date":"2023-05-29T14:25:17","date_gmt":"2023-05-29T14:25:17","guid":{"rendered":"https:\/\/archivesjesuites.ca\/en\/?p=799"},"modified":"2023-05-29T14:25:18","modified_gmt":"2023-05-29T14:25:18","slug":"job-posting-project-archivist-young-canada-works-deadline-june-16-2023","status":"publish","type":"post","link":"https:\/\/archivesjesuites.ca\/en\/job-posting-project-archivist-young-canada-works-deadline-june-16-2023\/","title":{"rendered":"Job posting: Project Archivist &#8211; Young Canada Works. Deadline: June 16, 2023"},"content":{"rendered":"\n<p><strong>Location:<\/strong>&nbsp;Montr\u00e9al, Qc.<\/p>\n\n\n\n<p><strong>Compensation:<\/strong>&nbsp;Hourly wage: $20.00<\/p>\n\n\n\n<p><strong>Description and Duties<\/strong><\/p>\n\n\n\n<p>The main tasks will be digitizing the photographs and keeping an inventory of the digitization processes. The intern will also, simultaneously, enter the available data and metadata into our already existing item-level inventory for the photographs of the Spanish Residential School fonds (0700-0023). The intern will handle the photographs by attributing each of them with a unique number, based on our already existing file naming structure. They will also put individual photographs into proper acid-free envelopes and boxes. Careful handling of the photographs is very important and will be part of the intern&#8217;s learning process and experience acquired through close supervision.<\/p>\n\n\n\n<p>In parallel, in collaboration with the Processing Archivist, the intern will revise the main finding aid for the fonds by incorporating the subjects and the extent of the photographs included in that fonds. This finding aid will be made available in our web-based AtoM platform.<\/p>\n\n\n\n<p>The intern will also need to write two reports that provide details on the digitization processes. One report (around half of the internship) will emphasize the issues raised regarding the digitization process. The second, and final report, will assess the different elements of the digitization project.<\/p>\n\n\n\n<p><strong>Qualifications<\/strong><\/p>\n\n\n\n<ul>\n<li>University level education in archival\/information studies or a related field with a demonstrated interest in archival theory and practice;&nbsp;with preference for candidates with a master&#8217;s degree in information studies with a specialization in archival studies.<\/li>\n\n\n\n<li>Demonstrated ability in the use of collections management tools and the Rules of Archival Description (RAD);<\/li>\n\n\n\n<li>Interest in digital archives, including digitization practices and processes;&nbsp;<\/li>\n\n\n\n<li>Ability to communicate information to small and large groups;<\/li>\n\n\n\n<li>Oral and written fluency in English, with a working knowledge of French, is required;<\/li>\n\n\n\n<li>Ability to work independently and as part of a team on collaborative initiatives;<\/li>\n\n\n\n<li>Ability to develop objectives and to implement procedures.<\/li>\n<\/ul>\n\n\n\n<p><strong>TRUTH AND RECONCILIATION WITH INDIGENOUS PEOPLES<\/strong><\/p>\n\n\n\n<p>The AJC are engaged in a process of truth and reconciliation with Indigenous peoples. It supports Indigenous resurgence. The selected candidate will need to demonstrate an understanding of the main challenges regarding archival concepts and practices. The candidate must be familiar with the principles stated in the Truth and Reconciliation Commission of Canada Calls to Action, the Report of the Truth and Reconciliation Commission Taskforce of the Steering Committee on Canada&#8217;s Archives as well as demonstrating a knowledge of national and international strategic orientations and principles concerning Indigenous peoples and associated archival records.<\/p>\n\n\n\n<p>Preference will be given to Indigenous candidates.<\/p>\n\n\n\n<p>Candidates from the Government of Canada&#8217;s job equity groups are encouraged to apply \/ Les candidat.e.s vis\u00e9.e.s par l&#8217;\u00e9quit\u00e9 en mati\u00e8re d&#8217;emploi du Gouvernement du Canada sont invit\u00e9.e.s \u00e0 postuler.<\/p>\n\n\n\n<p>Applications must be completed in the Young Canada Works portal:\u00a0<\/p>\n\n\n\n<p><a href=\"https:\/\/young-canada-works.canada.ca\/Account\/Login\" target=\"_blank\" rel=\"noreferrer noopener\">https:\/\/young-canada-works.canada.ca\/Account\/Login<\/a><\/p>\n\n\n\n<p>In addition, a cover letter, and a curriculum vitae (in one Word of PDF file) should be sent to Fran\u00e7ois Dansereau, Director of The Archive of the Jesuits in Canada:&nbsp;&nbsp;<a href=\"mailto:CANAJCdirection@jesuites.org\" target=\"_blank\" rel=\"noreferrer noopener\">CANAJCdirection@jesuites.org.&nbsp;<\/a><\/p>\n\n\n\n<p>We thank all applicants for their interest in this position. Only those selected for the short list will be contacted for an interview. Personal information received from prospective candidates will be used only for this recruitment process.<\/p>\n\n\n\n<p><\/p>\n\n\n\n<p>Deadline:\u00a0<strong>June 16, 2023<\/strong><\/p>\n\n\n\n<p><a href=\"https:\/\/drive.google.com\/file\/d\/1KN1SmRvr-f-RRrc5Wbo3FSqxCKIAOF63\/view?usp=sharing\" target=\"_blank\" rel=\"noreferrer noopener\">Project Archivist &#8211; Young Canada Works Job Posting 2023-2024 (PDF)<\/a> <\/p>\n","protected":false},"excerpt":{"rendered":"<p>Location:&nbsp;Montr\u00e9al, Qc. Compensation:&nbsp;Hourly wage: $20.00 Description and Duties The main tasks will be digitizing the photographs and keeping an inventory &#8230; <\/p>\n","protected":false},"author":4,"featured_media":0,"comment_status":"open","ping_status":"open","sticky":false,"template":"","format":"standard","meta":[],"categories":[1],"tags":[],"acf":[],"yoast_head":"<!-- This site is optimized with the Yoast SEO plugin v19.10 - https:\/\/yoast.com\/wordpress\/plugins\/seo\/ -->\n<title>Job posting: Project Archivist - Young Canada Works. Deadline: June 16, 2023 | The Archive of the Jesuits in Canada<\/title>\n<meta name=\"description\" content=\"The latest news from the Archive of the Jesuits in Canada. Get updates on the latest exhibitions, blogs, press releases, and videos today.\" \/>\n<meta name=\"robots\" content=\"index, follow, max-snippet:-1, max-image-preview:large, max-video-preview:-1\" \/>\n<link rel=\"canonical\" href=\"https:\/\/archivesjesuites.ca\/en\/job-posting-project-archivist-young-canada-works-deadline-june-16-2023\/\" \/>\n<meta property=\"og:locale\" content=\"en_US\" \/>\n<meta property=\"og:type\" content=\"article\" \/>\n<meta property=\"og:title\" content=\"Job posting: Project Archivist - Young Canada Works. Deadline: June 16, 2023 | The Archive of the Jesuits in Canada\" \/>\n<meta property=\"og:description\" content=\"The latest news from the Archive of the Jesuits in Canada. Get updates on the latest exhibitions, blogs, press releases, and videos today.\" \/>\n<meta property=\"og:url\" content=\"https:\/\/archivesjesuites.ca\/en\/job-posting-project-archivist-young-canada-works-deadline-june-16-2023\/\" \/>\n<meta property=\"og:site_name\" content=\"The Archive of the Jesuits in Canada\" \/>\n<meta property=\"article:published_time\" content=\"2023-05-29T14:25:17+00:00\" \/>\n<meta property=\"article:modified_time\" content=\"2023-05-29T14:25:18+00:00\" \/>\n<meta property=\"og:image\" content=\"https:\/\/archivesjesuites.ca\/en\/wp-content\/uploads\/2022\/11\/Web-Grab-2400x1256-1.png\" \/>\n\t<meta property=\"og:image:width\" content=\"2400\" \/>\n\t<meta property=\"og:image:height\" content=\"1256\" \/>\n\t<meta property=\"og:image:type\" content=\"image\/png\" \/>\n<meta name=\"author\" content=\"catherinebarnwell\" \/>\n<meta name=\"twitter:card\" content=\"summary_large_image\" \/>\n<meta name=\"twitter:label1\" content=\"Written by\" \/>\n\t<meta name=\"twitter:data1\" content=\"catherinebarnwell\" \/>\n\t<meta name=\"twitter:label2\" content=\"Est. reading time\" \/>\n\t<meta name=\"twitter:data2\" content=\"3 minutes\" \/>\n<script type=\"application\/ld+json\" class=\"yoast-schema-graph\">{\"@context\":\"https:\/\/schema.org\",\"@graph\":[{\"@type\":\"WebPage\",\"@id\":\"https:\/\/archivesjesuites.ca\/en\/job-posting-project-archivist-young-canada-works-deadline-june-16-2023\/\",\"url\":\"https:\/\/archivesjesuites.ca\/en\/job-posting-project-archivist-young-canada-works-deadline-june-16-2023\/\",\"name\":\"Job posting: Project Archivist - Young Canada Works. Deadline: June 16, 2023 | The Archive of the Jesuits in Canada\",\"isPartOf\":{\"@id\":\"https:\/\/archivesjesuites.ca\/en\/#website\"},\"datePublished\":\"2023-05-29T14:25:17+00:00\",\"dateModified\":\"2023-05-29T14:25:18+00:00\",\"author\":{\"@id\":\"https:\/\/archivesjesuites.ca\/en\/#\/schema\/person\/7a72be3a7597e68f91c2cfc27fef7f0d\"},\"description\":\"The latest news from the Archive of the Jesuits in Canada. Get updates on the latest exhibitions, blogs, press releases, and videos today.\",\"breadcrumb\":{\"@id\":\"https:\/\/archivesjesuites.ca\/en\/job-posting-project-archivist-young-canada-works-deadline-june-16-2023\/#breadcrumb\"},\"inLanguage\":\"en-US\",\"potentialAction\":[{\"@type\":\"ReadAction\",\"target\":[\"https:\/\/archivesjesuites.ca\/en\/job-posting-project-archivist-young-canada-works-deadline-june-16-2023\/\"]}]},{\"@type\":\"BreadcrumbList\",\"@id\":\"https:\/\/archivesjesuites.ca\/en\/job-posting-project-archivist-young-canada-works-deadline-june-16-2023\/#breadcrumb\",\"itemListElement\":[{\"@type\":\"ListItem\",\"position\":1,\"name\":\"Home\",\"item\":\"https:\/\/archivesjesuites.ca\/en\/\"},{\"@type\":\"ListItem\",\"position\":2,\"name\":\"Job posting: Project Archivist &#8211; Young Canada Works. Deadline: June 16, 2023\"}]},{\"@type\":\"WebSite\",\"@id\":\"https:\/\/archivesjesuites.ca\/en\/#website\",\"url\":\"https:\/\/archivesjesuites.ca\/en\/\",\"name\":\"The Archive of the Jesuits in Canada\",\"description\":\"\",\"potentialAction\":[{\"@type\":\"SearchAction\",\"target\":{\"@type\":\"EntryPoint\",\"urlTemplate\":\"https:\/\/archivesjesuites.ca\/en\/?s={search_term_string}\"},\"query-input\":\"required name=search_term_string\"}],\"inLanguage\":\"en-US\"},{\"@type\":\"Person\",\"@id\":\"https:\/\/archivesjesuites.ca\/en\/#\/schema\/person\/7a72be3a7597e68f91c2cfc27fef7f0d\",\"name\":\"catherinebarnwell\",\"image\":{\"@type\":\"ImageObject\",\"inLanguage\":\"en-US\",\"@id\":\"https:\/\/archivesjesuites.ca\/en\/#\/schema\/person\/image\/\",\"url\":\"https:\/\/secure.gravatar.com\/avatar\/afea73421233ca35f0c3b2d8c17b48bd?s=96&d=mm&r=g\",\"contentUrl\":\"https:\/\/secure.gravatar.com\/avatar\/afea73421233ca35f0c3b2d8c17b48bd?s=96&d=mm&r=g\",\"caption\":\"catherinebarnwell\"},\"url\":\"https:\/\/archivesjesuites.ca\/en\/author\/catherinebarnwell\/\"}]}<\/script>\n<!-- \/ Yoast SEO plugin. -->","yoast_head_json":{"title":"Job posting: Project Archivist - Young Canada Works. Deadline: June 16, 2023 | The Archive of the Jesuits in Canada","description":"The latest news from the Archive of the Jesuits in Canada. Get updates on the latest exhibitions, blogs, press releases, and videos today.","robots":{"index":"index","follow":"follow","max-snippet":"max-snippet:-1","max-image-preview":"max-image-preview:large","max-video-preview":"max-video-preview:-1"},"canonical":"https:\/\/archivesjesuites.ca\/en\/job-posting-project-archivist-young-canada-works-deadline-june-16-2023\/","og_locale":"en_US","og_type":"article","og_title":"Job posting: Project Archivist - Young Canada Works. Deadline: June 16, 2023 | The Archive of the Jesuits in Canada","og_description":"The latest news from the Archive of the Jesuits in Canada. Get updates on the latest exhibitions, blogs, press releases, and videos today.","og_url":"https:\/\/archivesjesuites.ca\/en\/job-posting-project-archivist-young-canada-works-deadline-june-16-2023\/","og_site_name":"The Archive of the Jesuits in Canada","article_published_time":"2023-05-29T14:25:17+00:00","article_modified_time":"2023-05-29T14:25:18+00:00","og_image":[{"width":2400,"height":1256,"url":"https:\/\/archivesjesuites.ca\/en\/wp-content\/uploads\/2022\/11\/Web-Grab-2400x1256-1.png","type":"image\/png"}],"author":"catherinebarnwell","twitter_card":"summary_large_image","twitter_misc":{"Written by":"catherinebarnwell","Est. reading time":"3 minutes"},"schema":{"@context":"https:\/\/schema.org","@graph":[{"@type":"WebPage","@id":"https:\/\/archivesjesuites.ca\/en\/job-posting-project-archivist-young-canada-works-deadline-june-16-2023\/","url":"https:\/\/archivesjesuites.ca\/en\/job-posting-project-archivist-young-canada-works-deadline-june-16-2023\/","name":"Job posting: Project Archivist - Young Canada Works. Deadline: June 16, 2023 | The Archive of the Jesuits in Canada","isPartOf":{"@id":"https:\/\/archivesjesuites.ca\/en\/#website"},"datePublished":"2023-05-29T14:25:17+00:00","dateModified":"2023-05-29T14:25:18+00:00","author":{"@id":"https:\/\/archivesjesuites.ca\/en\/#\/schema\/person\/7a72be3a7597e68f91c2cfc27fef7f0d"},"description":"The latest news from the Archive of the Jesuits in Canada. Get updates on the latest exhibitions, blogs, press releases, and videos today.","breadcrumb":{"@id":"https:\/\/archivesjesuites.ca\/en\/job-posting-project-archivist-young-canada-works-deadline-june-16-2023\/#breadcrumb"},"inLanguage":"en-US","potentialAction":[{"@type":"ReadAction","target":["https:\/\/archivesjesuites.ca\/en\/job-posting-project-archivist-young-canada-works-deadline-june-16-2023\/"]}]},{"@type":"BreadcrumbList","@id":"https:\/\/archivesjesuites.ca\/en\/job-posting-project-archivist-young-canada-works-deadline-june-16-2023\/#breadcrumb","itemListElement":[{"@type":"ListItem","position":1,"name":"Home","item":"https:\/\/archivesjesuites.ca\/en\/"},{"@type":"ListItem","position":2,"name":"Job posting: Project Archivist &#8211; Young Canada Works. Deadline: June 16, 2023"}]},{"@type":"WebSite","@id":"https:\/\/archivesjesuites.ca\/en\/#website","url":"https:\/\/archivesjesuites.ca\/en\/","name":"The Archive of the Jesuits in Canada","description":"","potentialAction":[{"@type":"SearchAction","target":{"@type":"EntryPoint","urlTemplate":"https:\/\/archivesjesuites.ca\/en\/?s={search_term_string}"},"query-input":"required name=search_term_string"}],"inLanguage":"en-US"},{"@type":"Person","@id":"https:\/\/archivesjesuites.ca\/en\/#\/schema\/person\/7a72be3a7597e68f91c2cfc27fef7f0d","name":"catherinebarnwell","image":{"@type":"ImageObject","inLanguage":"en-US","@id":"https:\/\/archivesjesuites.ca\/en\/#\/schema\/person\/image\/","url":"https:\/\/secure.gravatar.com\/avatar\/afea73421233ca35f0c3b2d8c17b48bd?s=96&d=mm&r=g","contentUrl":"https:\/\/secure.gravatar.com\/avatar\/afea73421233ca35f0c3b2d8c17b48bd?s=96&d=mm&r=g","caption":"catherinebarnwell"},"url":"https:\/\/archivesjesuites.ca\/en\/author\/catherinebarnwell\/"}]}},"_links":{"self":[{"href":"https:\/\/archivesjesuites.ca\/en\/wp-json\/wp\/v2\/posts\/799"}],"collection":[{"href":"https:\/\/archivesjesuites.ca\/en\/wp-json\/wp\/v2\/posts"}],"about":[{"href":"https:\/\/archivesjesuites.ca\/en\/wp-json\/wp\/v2\/types\/post"}],"author":[{"embeddable":true,"href":"https:\/\/archivesjesuites.ca\/en\/wp-json\/wp\/v2\/users\/4"}],"replies":[{"embeddable":true,"href":"https:\/\/archivesjesuites.ca\/en\/wp-json\/wp\/v2\/comments?post=799"}],"version-history":[{"count":4,"href":"https:\/\/archivesjesuites.ca\/en\/wp-json\/wp\/v2\/posts\/799\/revisions"}],"predecessor-version":[{"id":803,"href":"https:\/\/archivesjesuites.ca\/en\/wp-json\/wp\/v2\/posts\/799\/revisions\/803"}],"wp:attachment":[{"href":"https:\/\/archivesjesuites.ca\/en\/wp-json\/wp\/v2\/media?parent=799"}],"wp:term":[{"taxonomy":"category","embeddable":true,"href":"https:\/\/archivesjesuites.ca\/en\/wp-json\/wp\/v2\/categories?post=799"},{"taxonomy":"post_tag","embeddable":true,"href":"https:\/\/archivesjesuites.ca\/en\/wp-json\/wp\/v2\/tags?post=799"}],"curies":[{"name":"wp","href":"https:\/\/api.w.org\/{rel}","templated":true}]}}