{"id":1401,"date":"2025-09-22T19:12:14","date_gmt":"2025-09-22T19:12:14","guid":{"rendered":"https:\/\/archivesjesuites.ca\/en\/?p=1401"},"modified":"2026-04-15T16:35:43","modified_gmt":"2026-04-15T16:35:43","slug":"400-years-of-jesuit-mission-in-quebec","status":"publish","type":"post","link":"https:\/\/archivesjesuites.ca\/en\/400-years-of-jesuit-mission-in-quebec\/","title":{"rendered":"400 years of Jesuit mission in Qu\u00e9bec"},"content":{"rendered":"\n<p>Dr. Fannie Dionne and Patricia Prost<\/p>\n\n\n\n<hr class=\"wp-block-separator has-alpha-channel-opacity\" \/>\n\n\n\n<p><\/p>\n\n\n\n<p><em>15 June 1625. After weeks of sailing across the North Atlantic, the first Jesuits disembarked in Quebec. Fathers Ennemond Mass\u00e9, Charles Lalemant, and Jean de Br\u00e9beuf, accompanied by two brothers, discovered the small town with, among other things, a fort, several houses, and a Recollet convent. That was 400 years ago.<\/em><\/p>\n\n\n\n<p>The Archive of the Jesuits in Canada (AJC) contains few traces of this arrival and the early years of Br\u00e9beuf and his confreres\u2019 mission. In fact, the records of the Society of Jesus that date from this period, scattered <a href=\"https:\/\/archivesjesuites.ca\/felix-martin-s-j-ne-ce-jour-en-1804\/\">between 1800 and 1842<\/a>, have only been partially recovered. Among the pieces that allow us to dive back into the period is a map dating back to 1685. The map highlights the presence of the Jesuits and another male religious order: the Recollets.<\/p>\n\n\n\n<p><strong>Recollets and Jesuits 400 years ago<\/strong><\/p>\n\n\n\n<p>The Jesuits landed in Quebec in 1625, but it was not Fr. Mass\u00e9\u2019s first transatlantic journey. He had been a missionary in Acadia between 1611 et 1613 before he had to return to France, where he shared the story of his stay with Indigenous peoples. His experience inspired other members of the Society of Jesus and helped set in motion the wheels that would lead to the Jesuit order returning to the French colony.<\/p>\n\n\n\n<p>According to historian \u00c9ric Thierry, accounts from the Acadian mission motivated influential Jesuits, such as Fr. Jean de la Bretesche (a relative of the Duke of Ventadour and Cardinal Fran\u00e7ois of La Rochefoucauld) to work behind the scenes to have members of the Society of Jesus sent to Quebec, where Recollet missionaries had been working since 1615.<\/p>\n\n\n\n<p>Although the Recollet had not planned to share their mission with Ignatius of Loyola\u2019s disciplines, they had no choice but to accept their presence once they were faced with <em>a fait accompli<\/em>. Those in Quebec welcomed the Jesuits to their convent upon their arrival, until the new missionaries could build their first home on the lands of the Notre-Dames-des-Anges seigneury, located on the site of the present-day Cartier-Br\u00e9beuf park in the Limoilou neighbourhood. During this period, in collaboration with the Recollets, the Jesuits worked with French Catholics, celebrating mass and feast days, in addition to beginning the first missions in Indigenous communities. As a result, as early as October 1625, Br\u00e9beuf departed to spend the winter with the Innu before being sent to the Wendat in 1626 with Fr. Anne de Nou\u00eb and the Recollet priest, Joseph de la Roche Daillon.<\/p>\n\n\n\n<p>In 1629, the capture of Quebec by the English forced all religious orders to return to Europe, putting a temporary end to the mission.<\/p>\n\n\n\n<p><strong>The new growth of the Jesuit Mission in Quebec<\/strong><\/p>\n\n\n\n<figure class=\"wp-block-image size-large\"><img decoding=\"async\" loading=\"lazy\" width=\"1024\" height=\"698\" src=\"https:\/\/archivesjesuites.ca\/en\/wp-content\/uploads\/2025\/09\/F-1_764-1024x698.jpg\" alt=\"\" class=\"wp-image-1379\" srcset=\"https:\/\/archivesjesuites.ca\/en\/wp-content\/uploads\/2025\/09\/F-1_764-1024x698.jpg 1024w, https:\/\/archivesjesuites.ca\/en\/wp-content\/uploads\/2025\/09\/F-1_764-300x205.jpg 300w, https:\/\/archivesjesuites.ca\/en\/wp-content\/uploads\/2025\/09\/F-1_764-150x102.jpg 150w, https:\/\/archivesjesuites.ca\/en\/wp-content\/uploads\/2025\/09\/F-1_764-768x524.jpg 768w, https:\/\/archivesjesuites.ca\/en\/wp-content\/uploads\/2025\/09\/F-1_764.jpg 1500w\" sizes=\"(max-width: 1024px) 100vw, 1024px\" \/><figcaption class=\"wp-element-caption\">Robert de Villeneuve, Plan de la ville et chasteau de Quebec, fait en 1685 mezur\u00e9e exactement. AJC, F-1.764.<\/figcaption><\/figure>\n\n\n\n<p>In 1632, the British returned what was known as \u201cNew France\u201d to the French. That same year, the Jesuits were the only religious order that returned to the French colony. Their apostolate then extended across several areas and thousands of kilometers. While many aspects of these missions are not apparent from Villeneuve\u2019s bird\u2019s-eye view of Quebec, this perspective highlights services rendered by the Jesuits to the population in a location close to the colony\u2019s government.<\/p>\n\n\n\n<p>For instance, the Jesuits founded their college in 1635, where they offered the classical course as it was taught in Jesuit colleges in France. The sciences were not neglected as, beginning in 1708, a hydrography course and training courses for pilots and surveyors in the colony were added. The college also housed an important library and an apothecary.<\/p>\n\n\n\n<p>The importance of the Jesuit presence in Quebec is reflected in cartography from that period. Drawn to scale and rich in details, the <em>Plan de la ville et chasteau de Quebec, fait en 1685&nbsp;mezur\u00e9e exactement <\/em>[Map of the city and castle of Quebec made in 1685, exact measurements] enables us to see the location and configuration of the college&#8217;s stone buildings that began to replace the first wooden structures in 1648. The Recollets, who returned to the colony in 1670, were present in Villeneuve\u2019s drawing, but at the margins of the map.<\/p>\n\n\n\n<p>This map is the work of engineer and cartographer Robert de Villeneuve. Sent to New France in 1685, he created the map for military purposes, with a view to fortifying the city. We do not know the provenance of this copy of the Villeneuve map. We do know that it was part of the collection of the Jesuit residence on Dauphine Street in Quebec City. It was exhibited in 2012-2013 at the National Museum of the Fine Arts in Quebec, as part of the exhibition entitled <em>Les Arts en Nouvelle-France <\/em>[The Arts in New France]. Another, even more detailed copy is held by Archives nationales d\u2019outre-mer [The National Overseas Archives] in France, in the Fortification of the Colonies repository.<\/p>\n\n\n\n<p>Villeneuve&#8217;s work shows the three wings of the building arranged around a central courtyard. They house both the college and the Jesuit residence. The map also shows the adjoining church, whose construction began in 1666. We can see large gardens and a small stream that ran through the property, as well as a mill below, near the current C\u00f4te de la Fabrique.<\/p>\n\n\n\n<figure class=\"wp-block-image size-large\"><img decoding=\"async\" loading=\"lazy\" width=\"1024\" height=\"682\" src=\"https:\/\/archivesjesuites.ca\/en\/wp-content\/uploads\/2025\/09\/F-1_764_detail_05-1024x682.jpg\" alt=\"\" class=\"wp-image-1383\" srcset=\"https:\/\/archivesjesuites.ca\/en\/wp-content\/uploads\/2025\/09\/F-1_764_detail_05-1024x682.jpg 1024w, https:\/\/archivesjesuites.ca\/en\/wp-content\/uploads\/2025\/09\/F-1_764_detail_05-300x200.jpg 300w, https:\/\/archivesjesuites.ca\/en\/wp-content\/uploads\/2025\/09\/F-1_764_detail_05-150x100.jpg 150w, https:\/\/archivesjesuites.ca\/en\/wp-content\/uploads\/2025\/09\/F-1_764_detail_05-768x512.jpg 768w, https:\/\/archivesjesuites.ca\/en\/wp-content\/uploads\/2025\/09\/F-1_764_detail_05.jpg 1300w\" sizes=\"(max-width: 1024px) 100vw, 1024px\" \/><figcaption class=\"wp-element-caption\">Robert de Villeneuve, Plan de la ville et chasteau de Quebec, fait en 1685 mezur\u00e9e exactement (d\u00e9tail). AJC, F-1.764.<\/figcaption><\/figure>\n\n\n\n<p>The AJC holds another original document that attests to the scale and importance of this architectural complex. In 1653, Governor Jean de Lauson ordered the Jesuits to fortify their building so that residents could take refuge there in the event of an attack:<\/p>\n\n\n\n<div class=\"wp-block-media-text alignwide is-stacked-on-mobile is-vertically-aligned-top\"><figure class=\"wp-block-media-text__media\"><img decoding=\"async\" loading=\"lazy\" width=\"727\" height=\"1024\" src=\"https:\/\/archivesjesuites.ca\/en\/wp-content\/uploads\/2025\/09\/Q-1.220.1.1-727x1024.jpg\" alt=\"\" class=\"wp-image-1389 size-full\" srcset=\"https:\/\/archivesjesuites.ca\/en\/wp-content\/uploads\/2025\/09\/Q-1.220.1.1-727x1024.jpg 727w, https:\/\/archivesjesuites.ca\/en\/wp-content\/uploads\/2025\/09\/Q-1.220.1.1-213x300.jpg 213w, https:\/\/archivesjesuites.ca\/en\/wp-content\/uploads\/2025\/09\/Q-1.220.1.1-107x150.jpg 107w, https:\/\/archivesjesuites.ca\/en\/wp-content\/uploads\/2025\/09\/Q-1.220.1.1-768x1082.jpg 768w, https:\/\/archivesjesuites.ca\/en\/wp-content\/uploads\/2025\/09\/Q-1.220.1.1.jpg 852w\" sizes=\"(max-width: 727px) 100vw, 727px\" \/><\/figure><div class=\"wp-block-media-text__content\">\n<p>\u201cAnd since Quebec City is completely open and defenseless, the house of the Reverend Jesuit Fathers is the only place capable of sheltering a large number of people and families in such an event [&#8230;], we have asked the said Jesuit Fathers to fortify their house in Quebec, to build gun ports and projections to flank it so that it can be defended against enemy attacks, and even to have stone throwers and other small pieces of artillery to defend it.\u201d<\/p>\n\n\n\n<p> <\/p>\n<\/div><\/div>\n\n\n\n<p><\/p>\n\n\n\n<p class=\"has-text-align-center has-small-font-size\"><em>Permission de fortifier la maison de Quebec, 10&nbsp;ao\u00fbt 1653. [Permission to fortify the house in Quebec, 10 August 1653.] AJC, Q-1.220.<\/em><\/p>\n\n\n\n<p>Villeneuve\u2019s plan gives us an idea of how large buildings in this period have shifted over time and in different ways. For instance, the facade of the complex inhabitant by the Jesuits overlooked what is now the Rue des Jardins in Old Quebec, opposite what was then the Notre-Dame-de-Recouvrance church, now occupied by the Notre-Dame de Quebec cathedral. The Jesuit college changed significantly as well, since it was demolished at the end of the 1870s after having served, among other things, as a military depot and barracks following the seizure of Jesuit property by the British government after their conquest of New France. This site is now occupied by Quebec\u2019s city hall, where the former pediment of the Jesuit college is still prominently displayed.<\/p>\n\n\n\n<figure class=\"wp-block-image size-full\"><img decoding=\"async\" loading=\"lazy\" width=\"800\" height=\"600\" src=\"https:\/\/archivesjesuites.ca\/en\/wp-content\/uploads\/2025\/09\/4942626369737263402.jpg\" alt=\"\" class=\"wp-image-1396\" srcset=\"https:\/\/archivesjesuites.ca\/en\/wp-content\/uploads\/2025\/09\/4942626369737263402.jpg 800w, https:\/\/archivesjesuites.ca\/en\/wp-content\/uploads\/2025\/09\/4942626369737263402-300x225.jpg 300w, https:\/\/archivesjesuites.ca\/en\/wp-content\/uploads\/2025\/09\/4942626369737263402-150x113.jpg 150w, https:\/\/archivesjesuites.ca\/en\/wp-content\/uploads\/2025\/09\/4942626369737263402-768x576.jpg 768w\" sizes=\"(max-width: 800px) 100vw, 800px\" \/><figcaption class=\"wp-element-caption\">Pediment of the old Coll\u00e8ge des j\u00e9suites in Quebec. Photo taken by the author.<\/figcaption><\/figure>\n\n\n\n<hr class=\"wp-block-separator has-alpha-channel-opacity\" \/>\n\n\n\n<p><\/p>\n\n\n\n<p><strong>References<\/strong><\/p>\n\n\n\n<p>Galarneau, C. (2015). Coll\u00e8ge des J\u00e9suites. Dans <em>l&#8217;Encyclop\u00e9die canadienne<\/em>. <a href=\"http:\/\/www.thecanadianencyclopedia.ca\/fr\/article\/college-des-jesuites\">www.thecanadianencyclopedia.ca\/fr\/article\/college-des-jesuites<\/a><\/p>\n\n\n\n<p>Minist\u00e8re de la Culture et des Communications. <em>Plaque du Coll\u00e8ge des j\u00e9suites<\/em>. R\u00e9pertoire du patrimoine culturel du Quebec. <a href=\"https:\/\/www.patrimoine-culturel.gouv.qc.ca\/rpcq\/detail.do?methode=consulter&amp;id=99399&amp;type=bien\">https:\/\/www.patrimoine-culturel.gouv.qc.ca\/rpcq\/detail.do?methode=consulter&amp;id=99399&amp;type=bien<\/a><\/p>\n\n\n\n<p>Morisset, G. (2003). Villeneuve, Robert de. Dans <em>Dictionnaire biographique du Canada<\/em>. <a href=\"https:\/\/www.biographi.ca\/fr\/bio\/villeneuve_robert_de_1F.html\">https:\/\/www.biographi.ca\/fr\/bio\/villeneuve_robert_de_1F.html<\/a><\/p>\n\n\n\n<p>Ouellet, J. (19&nbsp;novembre 2015). L\u2019ancien Coll\u00e8ge des j\u00e9suites (1825). <em>Vues anciennes de Quebec<\/em>. <a href=\"https:\/\/histoireurbaine.wordpress.com\/2015\/11\/19\/lancien-college-des-jesuites-1825\/#_ftnref9\">https:\/\/histoireurbaine.wordpress.com\/2015\/11\/19\/lancien-college-des-jesuites-1825\/#_ftnref9<\/a><\/p>\n\n\n\n<p>Labrecque, P. (2006). <em>Historique<\/em>. Ville de Quebec. R\u00e9pertoire du patrimoine b\u00e2ti. Fiche d\u2019un b\u00e2timent patrimonial. H\u00f4tel de ville de Quebec. <a href=\"https:\/\/www.ville.quebec.qc.ca\/citoyens\/patrimoine\/bati\/fiche.aspx?fiche=6180\">https:\/\/www.ville.quebec.qc.ca\/citoyens\/patrimoine\/bati\/fiche.aspx?fiche=6180<\/a><\/p>\n\n\n\n<p>Lumbroso, S. (2023). \u00ab Recollets contre j\u00e9suites, entretien avec \u00c9ric Thierry \u00bb. <em>Revue d\u2019histoire de la Nouvelle-France<\/em>, (3), 54\u201355.<\/p>\n\n\n\n<p>Palomino, J.-F. (2012). Pratiques cartographiques en Nouvelle-France&nbsp;: la prise en charge de l\u2019\u00c9tat dans la description de son espace colonial \u00e0 l\u2019or\u00e9e du xviiie si\u00e8cle. <em>Lumen<\/em>, 31, 21-39. <a href=\"https:\/\/doi.org\/10.7202\/1013065ar\">https:\/\/doi.org\/10.7202\/1013065ar<\/a><\/p>\n\n\n\n<p>Turcotte, G. <em>et al.<\/em> (avril-mai-juin 2008). La pr\u00e9sence j\u00e9suite \u00e0 Quebec du 17<sup>e<\/sup> si\u00e8cle \u00e0 nos jours. <em>Le Brigand<\/em>, (494), p.&nbsp;10-12. Une version de cet article est disponible en ligne&nbsp;: <a href=\"https:\/\/www.chapelledesjesuites.ca\/un-peu-dhistoire\/la-presence-des-jesuites-a-quebec-du-17eme-siecle-a-nos-jours\/\">https:\/\/www.chapelledesjesuites.ca\/un-peu-dhistoire\/la-presence-des-jesuites-a-quebec-du-17eme-siecle-a-nos-jours\/<\/a><\/p>\n\n\n\n<p>Ville de Quebec (s. d.). <em>Histoire du Coll\u00e8ge des j\u00e9suites<\/em>. Patrimoine. L\u2019arch\u00e9ologie \u00e0 Quebec. <a href=\"https:\/\/archeologie.ville.quebec.qc.ca\/sites\/college-des-jesuites\/histoire-du-college-des-jesuites\/\">https:\/\/archeologie.ville.quebec.qc.ca\/sites\/college-des-jesuites\/histoire-du-college-des-jesuites\/<\/a><\/p>\n\n\n\n<p><a id=\"_msocom_1\"><\/a><\/p>\n","protected":false},"excerpt":{"rendered":"<p>Dr. Fannie Dionne and Patricia Prost 15 June 1625. After weeks of sailing across the North Atlantic, the first Jesuits &#8230; <\/p>\n","protected":false},"author":5,"featured_media":0,"comment_status":"closed","ping_status":"open","sticky":false,"template":"","format":"standard","meta":[],"categories":[2],"tags":[],"acf":[],"yoast_head":"<!-- This site is optimized with the Yoast SEO plugin v19.10 - https:\/\/yoast.com\/wordpress\/plugins\/seo\/ -->\n<title>400 years of Jesuit mission in Qu\u00e9bec | The Archive of the Jesuits in Canada<\/title>\n<meta name=\"description\" content=\"The latest news from the Archive of the Jesuits in Canada. Get updates on the latest exhibitions, blogs, press releases, and videos today.\" \/>\n<meta name=\"robots\" content=\"index, follow, max-snippet:-1, max-image-preview:large, max-video-preview:-1\" \/>\n<link rel=\"canonical\" href=\"https:\/\/archivesjesuites.ca\/en\/400-years-of-jesuit-mission-in-quebec\/\" \/>\n<meta property=\"og:locale\" content=\"en_US\" \/>\n<meta property=\"og:type\" content=\"article\" \/>\n<meta property=\"og:title\" content=\"400 years of Jesuit mission in Qu\u00e9bec | The Archive of the Jesuits in Canada\" \/>\n<meta property=\"og:description\" content=\"The latest news from the Archive of the Jesuits in Canada. Get updates on the latest exhibitions, blogs, press releases, and videos today.\" \/>\n<meta property=\"og:url\" content=\"https:\/\/archivesjesuites.ca\/en\/400-years-of-jesuit-mission-in-quebec\/\" \/>\n<meta property=\"og:site_name\" content=\"The Archive of the Jesuits in Canada\" \/>\n<meta property=\"article:published_time\" content=\"2025-09-22T19:12:14+00:00\" \/>\n<meta property=\"article:modified_time\" content=\"2026-04-15T16:35:43+00:00\" \/>\n<meta property=\"og:image\" content=\"https:\/\/archivesjesuites.ca\/en\/wp-content\/uploads\/2025\/09\/F-1_764-1024x698.jpg\" \/>\n<meta name=\"author\" content=\"haton\" \/>\n<meta name=\"twitter:card\" content=\"summary_large_image\" \/>\n<meta name=\"twitter:label1\" content=\"Written by\" \/>\n\t<meta name=\"twitter:data1\" content=\"haton\" \/>\n\t<meta name=\"twitter:label2\" content=\"Est. reading time\" \/>\n\t<meta name=\"twitter:data2\" content=\"7 minutes\" \/>\n<script type=\"application\/ld+json\" class=\"yoast-schema-graph\">{\"@context\":\"https:\/\/schema.org\",\"@graph\":[{\"@type\":\"WebPage\",\"@id\":\"https:\/\/archivesjesuites.ca\/en\/400-years-of-jesuit-mission-in-quebec\/\",\"url\":\"https:\/\/archivesjesuites.ca\/en\/400-years-of-jesuit-mission-in-quebec\/\",\"name\":\"400 years of Jesuit mission in Qu\u00e9bec | The Archive of the Jesuits in Canada\",\"isPartOf\":{\"@id\":\"https:\/\/archivesjesuites.ca\/en\/#website\"},\"datePublished\":\"2025-09-22T19:12:14+00:00\",\"dateModified\":\"2026-04-15T16:35:43+00:00\",\"author\":{\"@id\":\"https:\/\/archivesjesuites.ca\/en\/#\/schema\/person\/ca528e33b48ce5d9e327ad3b4abceb7b\"},\"description\":\"The latest news from the Archive of the Jesuits in Canada. Get updates on the latest exhibitions, blogs, press releases, and videos today.\",\"breadcrumb\":{\"@id\":\"https:\/\/archivesjesuites.ca\/en\/400-years-of-jesuit-mission-in-quebec\/#breadcrumb\"},\"inLanguage\":\"en-US\",\"potentialAction\":[{\"@type\":\"ReadAction\",\"target\":[\"https:\/\/archivesjesuites.ca\/en\/400-years-of-jesuit-mission-in-quebec\/\"]}]},{\"@type\":\"BreadcrumbList\",\"@id\":\"https:\/\/archivesjesuites.ca\/en\/400-years-of-jesuit-mission-in-quebec\/#breadcrumb\",\"itemListElement\":[{\"@type\":\"ListItem\",\"position\":1,\"name\":\"Home\",\"item\":\"https:\/\/archivesjesuites.ca\/en\/\"},{\"@type\":\"ListItem\",\"position\":2,\"name\":\"400 years of Jesuit mission in Qu\u00e9bec\"}]},{\"@type\":\"WebSite\",\"@id\":\"https:\/\/archivesjesuites.ca\/en\/#website\",\"url\":\"https:\/\/archivesjesuites.ca\/en\/\",\"name\":\"The Archive of the Jesuits in Canada\",\"description\":\"\",\"potentialAction\":[{\"@type\":\"SearchAction\",\"target\":{\"@type\":\"EntryPoint\",\"urlTemplate\":\"https:\/\/archivesjesuites.ca\/en\/?s={search_term_string}\"},\"query-input\":\"required name=search_term_string\"}],\"inLanguage\":\"en-US\"},{\"@type\":\"Person\",\"@id\":\"https:\/\/archivesjesuites.ca\/en\/#\/schema\/person\/ca528e33b48ce5d9e327ad3b4abceb7b\",\"name\":\"haton\",\"image\":{\"@type\":\"ImageObject\",\"inLanguage\":\"en-US\",\"@id\":\"https:\/\/archivesjesuites.ca\/en\/#\/schema\/person\/image\/\",\"url\":\"https:\/\/secure.gravatar.com\/avatar\/8dae858ccc5f97dac96c129e9562ecd8?s=96&d=mm&r=g\",\"contentUrl\":\"https:\/\/secure.gravatar.com\/avatar\/8dae858ccc5f97dac96c129e9562ecd8?s=96&d=mm&r=g\",\"caption\":\"haton\"},\"url\":\"https:\/\/archivesjesuites.ca\/en\/author\/haton\/\"}]}<\/script>\n<!-- \/ Yoast SEO plugin. -->","yoast_head_json":{"title":"400 years of Jesuit mission in Qu\u00e9bec | The Archive of the Jesuits in Canada","description":"The latest news from the Archive of the Jesuits in Canada. Get updates on the latest exhibitions, blogs, press releases, and videos today.","robots":{"index":"index","follow":"follow","max-snippet":"max-snippet:-1","max-image-preview":"max-image-preview:large","max-video-preview":"max-video-preview:-1"},"canonical":"https:\/\/archivesjesuites.ca\/en\/400-years-of-jesuit-mission-in-quebec\/","og_locale":"en_US","og_type":"article","og_title":"400 years of Jesuit mission in Qu\u00e9bec | The Archive of the Jesuits in Canada","og_description":"The latest news from the Archive of the Jesuits in Canada. Get updates on the latest exhibitions, blogs, press releases, and videos today.","og_url":"https:\/\/archivesjesuites.ca\/en\/400-years-of-jesuit-mission-in-quebec\/","og_site_name":"The Archive of the Jesuits in Canada","article_published_time":"2025-09-22T19:12:14+00:00","article_modified_time":"2026-04-15T16:35:43+00:00","og_image":[{"url":"https:\/\/archivesjesuites.ca\/en\/wp-content\/uploads\/2025\/09\/F-1_764-1024x698.jpg"}],"author":"haton","twitter_card":"summary_large_image","twitter_misc":{"Written by":"haton","Est. reading time":"7 minutes"},"schema":{"@context":"https:\/\/schema.org","@graph":[{"@type":"WebPage","@id":"https:\/\/archivesjesuites.ca\/en\/400-years-of-jesuit-mission-in-quebec\/","url":"https:\/\/archivesjesuites.ca\/en\/400-years-of-jesuit-mission-in-quebec\/","name":"400 years of Jesuit mission in Qu\u00e9bec | The Archive of the Jesuits in Canada","isPartOf":{"@id":"https:\/\/archivesjesuites.ca\/en\/#website"},"datePublished":"2025-09-22T19:12:14+00:00","dateModified":"2026-04-15T16:35:43+00:00","author":{"@id":"https:\/\/archivesjesuites.ca\/en\/#\/schema\/person\/ca528e33b48ce5d9e327ad3b4abceb7b"},"description":"The latest news from the Archive of the Jesuits in Canada. Get updates on the latest exhibitions, blogs, press releases, and videos today.","breadcrumb":{"@id":"https:\/\/archivesjesuites.ca\/en\/400-years-of-jesuit-mission-in-quebec\/#breadcrumb"},"inLanguage":"en-US","potentialAction":[{"@type":"ReadAction","target":["https:\/\/archivesjesuites.ca\/en\/400-years-of-jesuit-mission-in-quebec\/"]}]},{"@type":"BreadcrumbList","@id":"https:\/\/archivesjesuites.ca\/en\/400-years-of-jesuit-mission-in-quebec\/#breadcrumb","itemListElement":[{"@type":"ListItem","position":1,"name":"Home","item":"https:\/\/archivesjesuites.ca\/en\/"},{"@type":"ListItem","position":2,"name":"400 years of Jesuit mission in Qu\u00e9bec"}]},{"@type":"WebSite","@id":"https:\/\/archivesjesuites.ca\/en\/#website","url":"https:\/\/archivesjesuites.ca\/en\/","name":"The Archive of the Jesuits in Canada","description":"","potentialAction":[{"@type":"SearchAction","target":{"@type":"EntryPoint","urlTemplate":"https:\/\/archivesjesuites.ca\/en\/?s={search_term_string}"},"query-input":"required name=search_term_string"}],"inLanguage":"en-US"},{"@type":"Person","@id":"https:\/\/archivesjesuites.ca\/en\/#\/schema\/person\/ca528e33b48ce5d9e327ad3b4abceb7b","name":"haton","image":{"@type":"ImageObject","inLanguage":"en-US","@id":"https:\/\/archivesjesuites.ca\/en\/#\/schema\/person\/image\/","url":"https:\/\/secure.gravatar.com\/avatar\/8dae858ccc5f97dac96c129e9562ecd8?s=96&d=mm&r=g","contentUrl":"https:\/\/secure.gravatar.com\/avatar\/8dae858ccc5f97dac96c129e9562ecd8?s=96&d=mm&r=g","caption":"haton"},"url":"https:\/\/archivesjesuites.ca\/en\/author\/haton\/"}]}},"_links":{"self":[{"href":"https:\/\/archivesjesuites.ca\/en\/wp-json\/wp\/v2\/posts\/1401"}],"collection":[{"href":"https:\/\/archivesjesuites.ca\/en\/wp-json\/wp\/v2\/posts"}],"about":[{"href":"https:\/\/archivesjesuites.ca\/en\/wp-json\/wp\/v2\/types\/post"}],"author":[{"embeddable":true,"href":"https:\/\/archivesjesuites.ca\/en\/wp-json\/wp\/v2\/users\/5"}],"replies":[{"embeddable":true,"href":"https:\/\/archivesjesuites.ca\/en\/wp-json\/wp\/v2\/comments?post=1401"}],"version-history":[{"count":10,"href":"https:\/\/archivesjesuites.ca\/en\/wp-json\/wp\/v2\/posts\/1401\/revisions"}],"predecessor-version":[{"id":1411,"href":"https:\/\/archivesjesuites.ca\/en\/wp-json\/wp\/v2\/posts\/1401\/revisions\/1411"}],"wp:attachment":[{"href":"https:\/\/archivesjesuites.ca\/en\/wp-json\/wp\/v2\/media?parent=1401"}],"wp:term":[{"taxonomy":"category","embeddable":true,"href":"https:\/\/archivesjesuites.ca\/en\/wp-json\/wp\/v2\/categories?post=1401"},{"taxonomy":"post_tag","embeddable":true,"href":"https:\/\/archivesjesuites.ca\/en\/wp-json\/wp\/v2\/tags?post=1401"}],"curies":[{"name":"wp","href":"https:\/\/api.w.org\/{rel}","templated":true}]}}