{"id":1342,"date":"2025-09-02T15:14:06","date_gmt":"2025-09-02T15:14:06","guid":{"rendered":"https:\/\/archivesjesuites.ca\/en\/?p=1342"},"modified":"2026-04-15T16:28:17","modified_gmt":"2026-04-15T16:28:17","slug":"princes-of-the-bourbon-parma-family-at-the-college-jean-de-brebeuf","status":"publish","type":"post","link":"https:\/\/archivesjesuites.ca\/en\/princes-of-the-bourbon-parma-family-at-the-college-jean-de-brebeuf\/","title":{"rendered":"Princes of the Bourbon-Parma Family at the Coll\u00e8ge Jean-de-Br\u00e9beuf"},"content":{"rendered":"\n<p><em>When the Jesuits returned to Canada at the start of the 1840s, they responded to an invitation from the Bishop of Montreal, Mgr Bourget, who dreamed of a new college that would serve the city\u2019s Catholic population. Education, in fact, is a fundamental mission and age-old area of expertise for the Society of Jesus. As the new school year begins, we have decided to share with you some stories unearthed from the archives of the colleges founded by the Jesuits.<\/em><\/p>\n\n\n\n<hr class=\"wp-block-separator has-alpha-channel-opacity\"\/>\n\n\n\n<p><\/p>\n\n\n\n<figure class=\"wp-block-image size-large\"><img decoding=\"async\" loading=\"lazy\" width=\"1024\" height=\"874\" src=\"https:\/\/archivesjesuites.ca\/en\/wp-content\/uploads\/2025\/09\/GLC_C-6.S6.4.119.1_mdf-1024x874.jpg\" alt=\"\" class=\"wp-image-1346\" srcset=\"https:\/\/archivesjesuites.ca\/en\/wp-content\/uploads\/2025\/09\/GLC_C-6.S6.4.119.1_mdf-1024x874.jpg 1024w, https:\/\/archivesjesuites.ca\/en\/wp-content\/uploads\/2025\/09\/GLC_C-6.S6.4.119.1_mdf-300x256.jpg 300w, https:\/\/archivesjesuites.ca\/en\/wp-content\/uploads\/2025\/09\/GLC_C-6.S6.4.119.1_mdf-150x128.jpg 150w, https:\/\/archivesjesuites.ca\/en\/wp-content\/uploads\/2025\/09\/GLC_C-6.S6.4.119.1_mdf-768x656.jpg 768w, https:\/\/archivesjesuites.ca\/en\/wp-content\/uploads\/2025\/09\/GLC_C-6.S6.4.119.1_mdf.jpg 1171w\" sizes=\"(max-width: 1024px) 100vw, 1024px\" \/><figcaption class=\"wp-element-caption\">Photo de classe d&#8217;\u00c9lements latins sur laquelle figure le prince Charles de Luxembourg, 1941-1942.<br>GLC C-6.S6.4.119.1<\/figcaption><\/figure>\n\n\n\n<p><\/p>\n\n\n\n<p>In the early 1940s, during the Second World War, Coll\u00e8ge Jean-de-Br\u00e9beuf welcomed prestigious guests from among the European nobility.<\/p>\n\n\n\n<p>In May 1940, the Grand Duchess Charlotte of Luxembourg and her husband, Prince F\u00e9lix of Bourbon-Parma, fled the invasion of their country by German forces. After several displacements in Europe, they found refuge in Quebec, as did the Luxembourg government-in-exile. The family first resided in the former seigneurial manor of Saint-Henri of Mascouche, before finally settling in Montreal. Their son, Charles of Luxembourg, joined his cousins, Jacques, Michel, and Andr\u00e9 of Bourbon-Parma, sons of Prince Ren\u00e9 of Bourbon-Parma and of Princess Marguerite of Denmark, who attended Coll\u00e8ge Jean-de-Br\u00e9beuf. For the young exiles, the Jesuit college offered the advantage of an education that was both French and Catholic.<\/p>\n\n\n\n<figure class=\"wp-block-image size-large\"><img decoding=\"async\" loading=\"lazy\" width=\"1024\" height=\"799\" src=\"https:\/\/archivesjesuites.ca\/en\/wp-content\/uploads\/2025\/09\/GLC_C-6.S6.4.106_mdf-1024x799.jpg\" alt=\"\" class=\"wp-image-1347\" srcset=\"https:\/\/archivesjesuites.ca\/en\/wp-content\/uploads\/2025\/09\/GLC_C-6.S6.4.106_mdf-1024x799.jpg 1024w, https:\/\/archivesjesuites.ca\/en\/wp-content\/uploads\/2025\/09\/GLC_C-6.S6.4.106_mdf-300x234.jpg 300w, https:\/\/archivesjesuites.ca\/en\/wp-content\/uploads\/2025\/09\/GLC_C-6.S6.4.106_mdf-150x117.jpg 150w, https:\/\/archivesjesuites.ca\/en\/wp-content\/uploads\/2025\/09\/GLC_C-6.S6.4.106_mdf-768x600.jpg 768w, https:\/\/archivesjesuites.ca\/en\/wp-content\/uploads\/2025\/09\/GLC_C-6.S6.4.106_mdf.jpg 1181w\" sizes=\"(max-width: 1024px) 100vw, 1024px\" \/><figcaption class=\"wp-element-caption\">Photograph of Latin Elements class, featuring Viscounts Martel and Romano Obert of Thieusies, Count Charles of Chambrun, and Baron L\u00e9on Van der Elst, 1941-1942. GLC C-6.S6.4.106.<\/figcaption><\/figure>\n\n\n\n<p>In the college prefect\u2019s diarium\u2014a journal in which the Jesuits recorded the events of the day\u2014their names appear on a list of foreign students, alongside Barons Van der Elst and L\u00e9on and Philippe Lambert of Belgium, Count Charles of Chambrun of France, et Viscounts Martel and Romano Obert of Thieusies. Other cousins of Charles, including the children of the former empress of Austria, Zita of Bourbon-Parma, who had been in exile since the fall of the Austro-Hungarian empire, also attended educational establishments in the province of Quebec: Universit\u00e9 Laval, Coll\u00e8ge Jesus-Marie of Sillery, Coll\u00e8ge Saint-Charles-Garnier in Quebec City, and Saint-Louis-de-Gonzague boarding school.<\/p>\n\n\n\n<p>An object of curiosity for the students and staff of the college, Charles of Luxembourg featured on the front page of the October 30, 1940 edition of <em>Br\u00e9beuf<\/em>, the school newspaper. In an article from the October 6, 1941 edition, he recounts his hurried departure from Brussels\u2014where he was staying with his aunt Zita\u2014during the German army\u2019s invasion of Belgium in May 1940. He then narrates his incredible journey across Europe and his family\u2019s departure for America abroad the <em>USS Cruiser Trenton<\/em> at the invitation of President Roosevelt, who also welcomed them to Washington for dinner. He also describes the emotion of his first meeting with his classmates, and evokes nostalgic memories of his country.<\/p>\n\n\n\n<figure class=\"is-layout-flex wp-block-gallery-1 wp-block-gallery has-nested-images columns-default is-cropped\">\n<figure class=\"wp-block-image size-large\"><img decoding=\"async\" loading=\"lazy\" width=\"712\" height=\"1024\" data-id=\"1348\"  src=\"https:\/\/archivesjesuites.ca\/en\/wp-content\/uploads\/2025\/09\/GLC_C-6.S7.SS5_.2.1.2.61_01_mdf-712x1024.jpg\" alt=\"\" class=\"wp-image-1348\" srcset=\"https:\/\/archivesjesuites.ca\/en\/wp-content\/uploads\/2025\/09\/GLC_C-6.S7.SS5_.2.1.2.61_01_mdf-712x1024.jpg 712w, https:\/\/archivesjesuites.ca\/en\/wp-content\/uploads\/2025\/09\/GLC_C-6.S7.SS5_.2.1.2.61_01_mdf-209x300.jpg 209w, https:\/\/archivesjesuites.ca\/en\/wp-content\/uploads\/2025\/09\/GLC_C-6.S7.SS5_.2.1.2.61_01_mdf-104x150.jpg 104w, https:\/\/archivesjesuites.ca\/en\/wp-content\/uploads\/2025\/09\/GLC_C-6.S7.SS5_.2.1.2.61_01_mdf-768x1105.jpg 768w, https:\/\/archivesjesuites.ca\/en\/wp-content\/uploads\/2025\/09\/GLC_C-6.S7.SS5_.2.1.2.61_01_mdf.jpg 973w\" sizes=\"(max-width: 712px) 100vw, 712px\" \/><\/figure>\n\n\n\n<figure class=\"wp-block-image size-large\"><img decoding=\"async\" loading=\"lazy\" width=\"609\" height=\"1024\" data-id=\"1349\"  src=\"https:\/\/archivesjesuites.ca\/en\/wp-content\/uploads\/2025\/09\/GLC_C-6.S7.SS5_.2.1.2.69_p.5extrait-609x1024.jpg\" alt=\"\" class=\"wp-image-1349\" srcset=\"https:\/\/archivesjesuites.ca\/en\/wp-content\/uploads\/2025\/09\/GLC_C-6.S7.SS5_.2.1.2.69_p.5extrait-609x1024.jpg 609w, https:\/\/archivesjesuites.ca\/en\/wp-content\/uploads\/2025\/09\/GLC_C-6.S7.SS5_.2.1.2.69_p.5extrait-178x300.jpg 178w, https:\/\/archivesjesuites.ca\/en\/wp-content\/uploads\/2025\/09\/GLC_C-6.S7.SS5_.2.1.2.69_p.5extrait-89x150.jpg 89w, https:\/\/archivesjesuites.ca\/en\/wp-content\/uploads\/2025\/09\/GLC_C-6.S7.SS5_.2.1.2.69_p.5extrait-768x1292.jpg 768w, https:\/\/archivesjesuites.ca\/en\/wp-content\/uploads\/2025\/09\/GLC_C-6.S7.SS5_.2.1.2.69_p.5extrait.jpg 773w\" sizes=\"(max-width: 609px) 100vw, 609px\" \/><\/figure>\n<\/figure>\n\n\n\n<p class=\"has-text-align-center has-small-font-size\"><em>Br\u00e9beuf<\/em> newspaper, 30 October 1940 and 6 October, 1941. GLC C-6.S7.SS5.2.1.2.61, 69.<\/p>\n\n\n\n<p>The prefect\u2019s diarium also contains several newspaper clippings recounting the circumstances surrounding the exile of the grand ducal family and the Luxembourg government to Canada. Collected and assembled in the style of a scrapbook, the diarium also includes more unusual items that testify to the interest generated by the presence of the distinguished guests, such as envelopes addressed to Princes Michel, Andr\u00e9, and Jacques of Bourbon-Parma, and a telegram sent to the college by Baronness Lambert (Johanna of Reininghaus) regarding her childrens&#8217; luggage.<\/p>\n\n\n\n<figure class=\"is-layout-flex wp-block-gallery-3 wp-block-gallery has-nested-images columns-default is-cropped\">\n<figure class=\"wp-block-image size-large\"><img decoding=\"async\" loading=\"lazy\" width=\"570\" height=\"1024\" data-id=\"1350\"  src=\"https:\/\/archivesjesuites.ca\/en\/wp-content\/uploads\/2025\/09\/GLC_C-6.S1.SS6_.2.3.2_166-570x1024.jpg\" alt=\"\" class=\"wp-image-1350\" srcset=\"https:\/\/archivesjesuites.ca\/en\/wp-content\/uploads\/2025\/09\/GLC_C-6.S1.SS6_.2.3.2_166-570x1024.jpg 570w, https:\/\/archivesjesuites.ca\/en\/wp-content\/uploads\/2025\/09\/GLC_C-6.S1.SS6_.2.3.2_166-167x300.jpg 167w, https:\/\/archivesjesuites.ca\/en\/wp-content\/uploads\/2025\/09\/GLC_C-6.S1.SS6_.2.3.2_166-84x150.jpg 84w, https:\/\/archivesjesuites.ca\/en\/wp-content\/uploads\/2025\/09\/GLC_C-6.S1.SS6_.2.3.2_166-768x1380.jpg 768w, https:\/\/archivesjesuites.ca\/en\/wp-content\/uploads\/2025\/09\/GLC_C-6.S1.SS6_.2.3.2_166.jpg 835w\" sizes=\"(max-width: 570px) 100vw, 570px\" \/><\/figure>\n\n\n\n<figure class=\"wp-block-image size-large\"><img decoding=\"async\" loading=\"lazy\" width=\"570\" height=\"1024\" data-id=\"1351\"  src=\"https:\/\/archivesjesuites.ca\/en\/wp-content\/uploads\/2025\/09\/GLC_C-6.S1.SS6_.2.3.2_198-570x1024.jpg\" alt=\"\" class=\"wp-image-1351\" srcset=\"https:\/\/archivesjesuites.ca\/en\/wp-content\/uploads\/2025\/09\/GLC_C-6.S1.SS6_.2.3.2_198-570x1024.jpg 570w, https:\/\/archivesjesuites.ca\/en\/wp-content\/uploads\/2025\/09\/GLC_C-6.S1.SS6_.2.3.2_198-167x300.jpg 167w, https:\/\/archivesjesuites.ca\/en\/wp-content\/uploads\/2025\/09\/GLC_C-6.S1.SS6_.2.3.2_198-84x150.jpg 84w, https:\/\/archivesjesuites.ca\/en\/wp-content\/uploads\/2025\/09\/GLC_C-6.S1.SS6_.2.3.2_198-768x1380.jpg 768w, https:\/\/archivesjesuites.ca\/en\/wp-content\/uploads\/2025\/09\/GLC_C-6.S1.SS6_.2.3.2_198.jpg 835w\" sizes=\"(max-width: 570px) 100vw, 570px\" \/><\/figure>\n\n\n\n<figure class=\"wp-block-image size-large\"><img decoding=\"async\" loading=\"lazy\" width=\"570\" height=\"1024\" data-id=\"1352\"  src=\"https:\/\/archivesjesuites.ca\/en\/wp-content\/uploads\/2025\/09\/GLC_C-6.S1.SS6_.2.3.2_296-570x1024.jpg\" alt=\"\" class=\"wp-image-1352\" srcset=\"https:\/\/archivesjesuites.ca\/en\/wp-content\/uploads\/2025\/09\/GLC_C-6.S1.SS6_.2.3.2_296-570x1024.jpg 570w, https:\/\/archivesjesuites.ca\/en\/wp-content\/uploads\/2025\/09\/GLC_C-6.S1.SS6_.2.3.2_296-167x300.jpg 167w, https:\/\/archivesjesuites.ca\/en\/wp-content\/uploads\/2025\/09\/GLC_C-6.S1.SS6_.2.3.2_296-84x150.jpg 84w, https:\/\/archivesjesuites.ca\/en\/wp-content\/uploads\/2025\/09\/GLC_C-6.S1.SS6_.2.3.2_296-768x1380.jpg 768w, https:\/\/archivesjesuites.ca\/en\/wp-content\/uploads\/2025\/09\/GLC_C-6.S1.SS6_.2.3.2_296.jpg 835w\" sizes=\"(max-width: 570px) 100vw, 570px\" \/><\/figure>\n<\/figure>\n\n\n\n<p class=\"has-text-align-center has-small-font-size\">Prefect\u2019s diarium, September 1931-July 1945. GLC C-6.S1.SS6.2.3.2.<\/p>\n\n\n\n<p>Under January 8, 1942, an inscription mentions the definitive departure of Princes Michel and Andr\u00e9 of Bourbon-Parma, and the return of Barons L\u00e9on and Philippe Lambert to New York after an illness. Charles attended the college until 1943, where he took his classes in French Elements, Latin Elements, and Syntax.<\/p>\n\n\n\n<hr class=\"wp-block-separator has-alpha-channel-opacity\"\/>\n\n\n\n<p><\/p>\n\n\n\n<p class=\"has-text-align-center\"><strong>External Sources<\/strong><\/p>\n\n\n\n<p>Bernier Arcand, P. (2022). Les Bourbon-Parme dans les institutions d\u2019enseignement du Qu\u00e9bec. <em>Histoire Qu\u00e9bec<\/em>, 28 (1), 24-28.<\/p>\n\n\n\n<p>Bernier Arcand, P. (2010). L\u2019exil qu\u00e9b\u00e9cois du gouvernement du Luxembourg. <em>Histoire Qu\u00e9bec<\/em>, 15 (3), 19-26.<\/p>\n\n\n\n<hr class=\"wp-block-separator has-alpha-channel-opacity\"\/>\n\n\n\n<p><\/p>\n\n\n\n<p class=\"has-text-align-center\"><strong>Gallery<\/strong><\/p>\n","protected":false},"excerpt":{"rendered":"<p>When the Jesuits returned to Canada at the start of the 1840s, they responded to an invitation from the Bishop &#8230; <\/p>\n","protected":false},"author":5,"featured_media":0,"comment_status":"closed","ping_status":"open","sticky":false,"template":"","format":"standard","meta":[],"categories":[2],"tags":[],"acf":[],"yoast_head":"<!-- This site is optimized with the Yoast SEO plugin v19.10 - https:\/\/yoast.com\/wordpress\/plugins\/seo\/ -->\n<title>Princes of the Bourbon-Parma Family at the Coll\u00e8ge Jean-de-Br\u00e9beuf | The Archive of the Jesuits in Canada<\/title>\n<meta name=\"description\" content=\"The latest news from the Archive of the Jesuits in Canada. Get updates on the latest exhibitions, blogs, press releases, and videos today.\" \/>\n<meta name=\"robots\" content=\"index, follow, max-snippet:-1, max-image-preview:large, max-video-preview:-1\" \/>\n<link rel=\"canonical\" href=\"https:\/\/archivesjesuites.ca\/en\/princes-of-the-bourbon-parma-family-at-the-college-jean-de-brebeuf\/\" \/>\n<meta property=\"og:locale\" content=\"en_US\" \/>\n<meta property=\"og:type\" content=\"article\" \/>\n<meta property=\"og:title\" content=\"Princes of the Bourbon-Parma Family at the Coll\u00e8ge Jean-de-Br\u00e9beuf | The Archive of the Jesuits in Canada\" \/>\n<meta property=\"og:description\" content=\"The latest news from the Archive of the Jesuits in Canada. Get updates on the latest exhibitions, blogs, press releases, and videos today.\" \/>\n<meta property=\"og:url\" content=\"https:\/\/archivesjesuites.ca\/en\/princes-of-the-bourbon-parma-family-at-the-college-jean-de-brebeuf\/\" \/>\n<meta property=\"og:site_name\" content=\"The Archive of the Jesuits in Canada\" \/>\n<meta property=\"article:published_time\" content=\"2025-09-02T15:14:06+00:00\" \/>\n<meta property=\"article:modified_time\" content=\"2026-04-15T16:28:17+00:00\" \/>\n<meta property=\"og:image\" content=\"https:\/\/archivesjesuites.ca\/en\/wp-content\/uploads\/2025\/09\/GLC_C-6.S6.4.119.1_mdf-1024x874.jpg\" \/>\n<meta name=\"author\" content=\"haton\" \/>\n<meta name=\"twitter:card\" content=\"summary_large_image\" \/>\n<meta name=\"twitter:label1\" content=\"Written by\" \/>\n\t<meta name=\"twitter:data1\" content=\"haton\" \/>\n\t<meta name=\"twitter:label2\" content=\"Est. reading time\" \/>\n\t<meta name=\"twitter:data2\" content=\"5 minutes\" \/>\n<script type=\"application\/ld+json\" class=\"yoast-schema-graph\">{\"@context\":\"https:\/\/schema.org\",\"@graph\":[{\"@type\":\"WebPage\",\"@id\":\"https:\/\/archivesjesuites.ca\/en\/princes-of-the-bourbon-parma-family-at-the-college-jean-de-brebeuf\/\",\"url\":\"https:\/\/archivesjesuites.ca\/en\/princes-of-the-bourbon-parma-family-at-the-college-jean-de-brebeuf\/\",\"name\":\"Princes of the Bourbon-Parma Family at the Coll\u00e8ge Jean-de-Br\u00e9beuf | The Archive of the Jesuits in Canada\",\"isPartOf\":{\"@id\":\"https:\/\/archivesjesuites.ca\/en\/#website\"},\"datePublished\":\"2025-09-02T15:14:06+00:00\",\"dateModified\":\"2026-04-15T16:28:17+00:00\",\"author\":{\"@id\":\"https:\/\/archivesjesuites.ca\/en\/#\/schema\/person\/ca528e33b48ce5d9e327ad3b4abceb7b\"},\"description\":\"The latest news from the Archive of the Jesuits in Canada. Get updates on the latest exhibitions, blogs, press releases, and videos today.\",\"breadcrumb\":{\"@id\":\"https:\/\/archivesjesuites.ca\/en\/princes-of-the-bourbon-parma-family-at-the-college-jean-de-brebeuf\/#breadcrumb\"},\"inLanguage\":\"en-US\",\"potentialAction\":[{\"@type\":\"ReadAction\",\"target\":[\"https:\/\/archivesjesuites.ca\/en\/princes-of-the-bourbon-parma-family-at-the-college-jean-de-brebeuf\/\"]}]},{\"@type\":\"BreadcrumbList\",\"@id\":\"https:\/\/archivesjesuites.ca\/en\/princes-of-the-bourbon-parma-family-at-the-college-jean-de-brebeuf\/#breadcrumb\",\"itemListElement\":[{\"@type\":\"ListItem\",\"position\":1,\"name\":\"Home\",\"item\":\"https:\/\/archivesjesuites.ca\/en\/\"},{\"@type\":\"ListItem\",\"position\":2,\"name\":\"Princes of the Bourbon-Parma Family at the Coll\u00e8ge Jean-de-Br\u00e9beuf\"}]},{\"@type\":\"WebSite\",\"@id\":\"https:\/\/archivesjesuites.ca\/en\/#website\",\"url\":\"https:\/\/archivesjesuites.ca\/en\/\",\"name\":\"The Archive of the Jesuits in Canada\",\"description\":\"\",\"potentialAction\":[{\"@type\":\"SearchAction\",\"target\":{\"@type\":\"EntryPoint\",\"urlTemplate\":\"https:\/\/archivesjesuites.ca\/en\/?s={search_term_string}\"},\"query-input\":\"required name=search_term_string\"}],\"inLanguage\":\"en-US\"},{\"@type\":\"Person\",\"@id\":\"https:\/\/archivesjesuites.ca\/en\/#\/schema\/person\/ca528e33b48ce5d9e327ad3b4abceb7b\",\"name\":\"haton\",\"image\":{\"@type\":\"ImageObject\",\"inLanguage\":\"en-US\",\"@id\":\"https:\/\/archivesjesuites.ca\/en\/#\/schema\/person\/image\/\",\"url\":\"https:\/\/secure.gravatar.com\/avatar\/8dae858ccc5f97dac96c129e9562ecd8?s=96&d=mm&r=g\",\"contentUrl\":\"https:\/\/secure.gravatar.com\/avatar\/8dae858ccc5f97dac96c129e9562ecd8?s=96&d=mm&r=g\",\"caption\":\"haton\"},\"url\":\"https:\/\/archivesjesuites.ca\/en\/author\/haton\/\"}]}<\/script>\n<!-- \/ Yoast SEO plugin. -->","yoast_head_json":{"title":"Princes of the Bourbon-Parma Family at the Coll\u00e8ge Jean-de-Br\u00e9beuf | The Archive of the Jesuits in Canada","description":"The latest news from the Archive of the Jesuits in Canada. Get updates on the latest exhibitions, blogs, press releases, and videos today.","robots":{"index":"index","follow":"follow","max-snippet":"max-snippet:-1","max-image-preview":"max-image-preview:large","max-video-preview":"max-video-preview:-1"},"canonical":"https:\/\/archivesjesuites.ca\/en\/princes-of-the-bourbon-parma-family-at-the-college-jean-de-brebeuf\/","og_locale":"en_US","og_type":"article","og_title":"Princes of the Bourbon-Parma Family at the Coll\u00e8ge Jean-de-Br\u00e9beuf | The Archive of the Jesuits in Canada","og_description":"The latest news from the Archive of the Jesuits in Canada. Get updates on the latest exhibitions, blogs, press releases, and videos today.","og_url":"https:\/\/archivesjesuites.ca\/en\/princes-of-the-bourbon-parma-family-at-the-college-jean-de-brebeuf\/","og_site_name":"The Archive of the Jesuits in Canada","article_published_time":"2025-09-02T15:14:06+00:00","article_modified_time":"2026-04-15T16:28:17+00:00","og_image":[{"url":"https:\/\/archivesjesuites.ca\/en\/wp-content\/uploads\/2025\/09\/GLC_C-6.S6.4.119.1_mdf-1024x874.jpg"}],"author":"haton","twitter_card":"summary_large_image","twitter_misc":{"Written by":"haton","Est. reading time":"5 minutes"},"schema":{"@context":"https:\/\/schema.org","@graph":[{"@type":"WebPage","@id":"https:\/\/archivesjesuites.ca\/en\/princes-of-the-bourbon-parma-family-at-the-college-jean-de-brebeuf\/","url":"https:\/\/archivesjesuites.ca\/en\/princes-of-the-bourbon-parma-family-at-the-college-jean-de-brebeuf\/","name":"Princes of the Bourbon-Parma Family at the Coll\u00e8ge Jean-de-Br\u00e9beuf | The Archive of the Jesuits in Canada","isPartOf":{"@id":"https:\/\/archivesjesuites.ca\/en\/#website"},"datePublished":"2025-09-02T15:14:06+00:00","dateModified":"2026-04-15T16:28:17+00:00","author":{"@id":"https:\/\/archivesjesuites.ca\/en\/#\/schema\/person\/ca528e33b48ce5d9e327ad3b4abceb7b"},"description":"The latest news from the Archive of the Jesuits in Canada. Get updates on the latest exhibitions, blogs, press releases, and videos today.","breadcrumb":{"@id":"https:\/\/archivesjesuites.ca\/en\/princes-of-the-bourbon-parma-family-at-the-college-jean-de-brebeuf\/#breadcrumb"},"inLanguage":"en-US","potentialAction":[{"@type":"ReadAction","target":["https:\/\/archivesjesuites.ca\/en\/princes-of-the-bourbon-parma-family-at-the-college-jean-de-brebeuf\/"]}]},{"@type":"BreadcrumbList","@id":"https:\/\/archivesjesuites.ca\/en\/princes-of-the-bourbon-parma-family-at-the-college-jean-de-brebeuf\/#breadcrumb","itemListElement":[{"@type":"ListItem","position":1,"name":"Home","item":"https:\/\/archivesjesuites.ca\/en\/"},{"@type":"ListItem","position":2,"name":"Princes of the Bourbon-Parma Family at the Coll\u00e8ge Jean-de-Br\u00e9beuf"}]},{"@type":"WebSite","@id":"https:\/\/archivesjesuites.ca\/en\/#website","url":"https:\/\/archivesjesuites.ca\/en\/","name":"The Archive of the Jesuits in Canada","description":"","potentialAction":[{"@type":"SearchAction","target":{"@type":"EntryPoint","urlTemplate":"https:\/\/archivesjesuites.ca\/en\/?s={search_term_string}"},"query-input":"required name=search_term_string"}],"inLanguage":"en-US"},{"@type":"Person","@id":"https:\/\/archivesjesuites.ca\/en\/#\/schema\/person\/ca528e33b48ce5d9e327ad3b4abceb7b","name":"haton","image":{"@type":"ImageObject","inLanguage":"en-US","@id":"https:\/\/archivesjesuites.ca\/en\/#\/schema\/person\/image\/","url":"https:\/\/secure.gravatar.com\/avatar\/8dae858ccc5f97dac96c129e9562ecd8?s=96&d=mm&r=g","contentUrl":"https:\/\/secure.gravatar.com\/avatar\/8dae858ccc5f97dac96c129e9562ecd8?s=96&d=mm&r=g","caption":"haton"},"url":"https:\/\/archivesjesuites.ca\/en\/author\/haton\/"}]}},"_links":{"self":[{"href":"https:\/\/archivesjesuites.ca\/en\/wp-json\/wp\/v2\/posts\/1342"}],"collection":[{"href":"https:\/\/archivesjesuites.ca\/en\/wp-json\/wp\/v2\/posts"}],"about":[{"href":"https:\/\/archivesjesuites.ca\/en\/wp-json\/wp\/v2\/types\/post"}],"author":[{"embeddable":true,"href":"https:\/\/archivesjesuites.ca\/en\/wp-json\/wp\/v2\/users\/5"}],"replies":[{"embeddable":true,"href":"https:\/\/archivesjesuites.ca\/en\/wp-json\/wp\/v2\/comments?post=1342"}],"version-history":[{"count":24,"href":"https:\/\/archivesjesuites.ca\/en\/wp-json\/wp\/v2\/posts\/1342\/revisions"}],"predecessor-version":[{"id":1569,"href":"https:\/\/archivesjesuites.ca\/en\/wp-json\/wp\/v2\/posts\/1342\/revisions\/1569"}],"wp:attachment":[{"href":"https:\/\/archivesjesuites.ca\/en\/wp-json\/wp\/v2\/media?parent=1342"}],"wp:term":[{"taxonomy":"category","embeddable":true,"href":"https:\/\/archivesjesuites.ca\/en\/wp-json\/wp\/v2\/categories?post=1342"},{"taxonomy":"post_tag","embeddable":true,"href":"https:\/\/archivesjesuites.ca\/en\/wp-json\/wp\/v2\/tags?post=1342"}],"curies":[{"name":"wp","href":"https:\/\/api.w.org\/{rel}","templated":true}]}}